{"id":2726,"date":"2016-01-19T07:03:08","date_gmt":"2016-01-19T07:03:08","guid":{"rendered":"https:\/\/codexflores.ch\/index.php\/2016\/01\/19\/gruendung-eines-oberoesterreichischen-opernstudios\/"},"modified":"2016-01-19T07:03:08","modified_gmt":"2016-01-19T07:03:08","slug":"gruendung-eines-oberoesterreichischen-opernstudios","status":"publish","type":"post","link":"https:\/\/codexflores.ch\/index.php\/2016\/01\/19\/gruendung-eines-oberoesterreichischen-opernstudios\/","title":{"rendered":"Gr\u00fcndung eines Ober\u00f6sterreichischen Opernstudios"},"content":{"rendered":"<p><span style=\"font-family: arial,helvetica,sans-serif; font-size: small;\">15.01.2016 &#8212; Unter der neuen Intendanz von Hermann Schneider wird am Landestheater Linz ab der kommenden Spielzeit 2016\/2017 in Zusammenarbeit mit der Anton Bruckner Privatuniversit\u00e4t das Ober\u00f6sterreichische Opernstudio gegr\u00fcndet.<\/span><\/p>\n<p><strong><span style=\"font-family: arial,helvetica,sans-serif; font-size: small;\">159.01.2016 &#8212; Unter der neuen Intendanz von Hermann Schneider wird am Landestheater Linz ab der kommenden Spielzeit 2016\/2017 in Zusammenarbeit mit der Anton Bruckner Privatuniversit\u00e4t das Ober\u00f6sterreichische Opernstudio gegr\u00fcndet.<\/span><\/strong><\/p>\n<p><span style=\"font-family: arial,helvetica,sans-serif; font-size: small;\">\u00a0<\/span><\/p>\n<p><span style=\"font-family: arial,helvetica,sans-serif; font-size: small;\">Das Ober\u00f6sterreichische Opernstudio ist damit \u00d6sterreichs einziges Opernstudio mit Anbindung an eine Universit\u00e4t. Die Leitung \u00fcbernimmt Gregor Horres. <\/span><\/p>\n<p>\u00a0<\/p>\n<p><span style=\"font-family: arial,helvetica,sans-serif; font-size: small;\">Die Mitgliedschaft im Opernstudio ist auf zwei Spielzeiten angelegt und steht zwischen Ausbildung und erstem Solo-Engagement. W\u00e4hrend der Mitgliedschaft werden die Studiomitglieder unter anderem Kammeropern und Szenische Liederabende erarbeiten. Dar\u00fcber hinaus werden sie in kleineren und mittleren Partien des laufenden Betriebes eingesetzt.<\/span><\/p>\n<p>\u00a0<\/p>\n<p><span style=\"font-family: arial,helvetica,sans-serif; font-size: small;\"> Parallel zur Praxis sind die Studiomitglieder an der Anton Bruckner Privatuniversit\u00e4t inskribiert und k\u00f6nnen dort im Musiktheaterlehrgang oder im Masterstudium ihre Studien mit den Dozenten Kurt Azesberger, Robert Holzer und Thomas Kerbl vertiefen und facheinschl\u00e4gige Erg\u00e4nzungsf\u00e4cher besuchen.<\/span><\/p>\n<p><span style=\"font-family: arial,helvetica,sans-serif; font-size: small;\">\u00a0<\/span><\/p>\n<p><span style=\"font-family: arial,helvetica,sans-serif; font-size: small;\">Die Bewerbungsfrist endet am 28. Februar 2016. Bewerben k\u00f6nnen sich S\u00e4ngerinnen und S\u00e4nger der Stimmf\u00e4cher Sopran, Mezzosopran, Tenor, Bariton oder Bass. <em>(cf)<\/em> <\/span><\/p>\n<p>\u00a0<\/p>\n<p><span style=\"font-family: arial,helvetica,sans-serif; font-size: small;\"><strong>Mehr Infos:<\/strong> <a href=\"http:\/\/www.landestheater-linz.at\/opernstudio\" target=\"_blank\" rel=\"noopener noreferrer\">www.landestheater-linz.at\/opernstudio<\/a> \u00a0<\/span><\/p>\n","protected":false},"excerpt":{"rendered":"<p><span style=\"font-family: arial,helvetica,sans-serif; font-size: small;\">15.01.2016 &#8212; Unter der neuen Intendanz von Hermann Schneider wird am Landestheater Linz ab der kommenden Spielzeit 2016\/2017 in Zusammenarbeit mit der Anton Bruckner Privatuniversit\u00e4t das Ober\u00f6sterreichische Opernstudio gegr\u00fcndet.<\/span><\/p>\n","protected":false},"author":1,"featured_media":0,"comment_status":"open","ping_status":"open","sticky":false,"template":"","format":"standard","meta":{"footnotes":""},"categories":[2],"tags":[],"class_list":["post-2726","post","type-post","status-publish","format-standard","hentry","category-nachrichten","entry"],"_links":{"self":[{"href":"https:\/\/codexflores.ch\/index.php\/wp-json\/wp\/v2\/posts\/2726","targetHints":{"allow":["GET"]}}],"collection":[{"href":"https:\/\/codexflores.ch\/index.php\/wp-json\/wp\/v2\/posts"}],"about":[{"href":"https:\/\/codexflores.ch\/index.php\/wp-json\/wp\/v2\/types\/post"}],"author":[{"embeddable":true,"href":"https:\/\/codexflores.ch\/index.php\/wp-json\/wp\/v2\/users\/1"}],"replies":[{"embeddable":true,"href":"https:\/\/codexflores.ch\/index.php\/wp-json\/wp\/v2\/comments?post=2726"}],"version-history":[{"count":0,"href":"https:\/\/codexflores.ch\/index.php\/wp-json\/wp\/v2\/posts\/2726\/revisions"}],"wp:attachment":[{"href":"https:\/\/codexflores.ch\/index.php\/wp-json\/wp\/v2\/media?parent=2726"}],"wp:term":[{"taxonomy":"category","embeddable":true,"href":"https:\/\/codexflores.ch\/index.php\/wp-json\/wp\/v2\/categories?post=2726"},{"taxonomy":"post_tag","embeddable":true,"href":"https:\/\/codexflores.ch\/index.php\/wp-json\/wp\/v2\/tags?post=2726"}],"curies":[{"name":"wp","href":"https:\/\/api.w.org\/{rel}","templated":true}]}}