{"id":2728,"date":"2016-01-19T07:15:24","date_gmt":"2016-01-19T07:15:24","guid":{"rendered":"https:\/\/codexflores.ch\/index.php\/2016\/01\/19\/rademann-mit-preis-der-europaeischen-kirchenmusik-2016-ausgezeichnet\/"},"modified":"2016-01-19T07:15:24","modified_gmt":"2016-01-19T07:15:24","slug":"rademann-mit-preis-der-europaeischen-kirchenmusik-2016-ausgezeichnet","status":"publish","type":"post","link":"https:\/\/codexflores.ch\/index.php\/2016\/01\/19\/rademann-mit-preis-der-europaeischen-kirchenmusik-2016-ausgezeichnet\/","title":{"rendered":"Rademann mit Preis der Europ\u00e4ischen Kirchenmusik 2016 ausgezeichnet"},"content":{"rendered":"<p><span style=\"font-family: arial,helvetica,sans-serif; font-size: small;\">16.01.2016 &#8212; Der Dirigent Hans-Christoph Rademann wird mit dem mit 5000 Euro dotierten Preis der Europ\u00e4ischen Kirchenmusik 2016 ausgezeichnet.<\/span><\/p>\n<p><span style=\"font-family: arial,helvetica,sans-serif; font-size: small;\"><strong>16.01.2016 &#8212; Der Dirigent Hans-Christoph Rademann wird mit dem mit 5000 Euro dotierten Preis der Europ\u00e4ischen Kirchenmusik 2016 ausgezeichnet.<\/strong><\/span><\/p>\n<p><span style=\"font-family: arial,helvetica,sans-serif; font-size: small;\">\u00a0<\/span><\/p>\n<p><span style=\"font-family: arial,helvetica,sans-serif; font-size: small;\">Die Stadt Schw\u00e4bisch Gm\u00fcnd ehrt Rademann mit der Auszeichnung \u00abf\u00fcr seine Leidenschaft der Auff\u00fchrung und Wiederentdeckung Alter Musik wie f\u00fcr seine grossen Verdienste um die lebendige Vermittlung zeitgen\u00f6ssischer geistlicher Musik\u00bb. <\/span><\/p>\n<p>\u00a0<\/p>\n<p><span style=\"font-family: arial,helvetica,sans-serif; font-size: small;\">Der Preis der Europ\u00e4ischen Kirchenmusik zeichnet seit 1999 hochrangige Interpreten und Komponisten f\u00fcr wegweisende Leistungen im Bereich der Geistlichen Musik aus. Zu den bisherigen Preistr\u00e4gerinnen und Preistr\u00e4gern geh\u00f6ren Sofia Gubaidulina, Klaus Huber, Younghi Pagh-Paan, Arvo P\u00e4rt, Krzysztof Penderecki, Dieter Schnebel, Sir John Tavener und Hans Zender. Zu den Geehrten geh\u00f6ren weiterhin die Dirigenten Frieder Bernius, Marcus Creed, Eric Ericson und Helmuth Rilling, der Organist Daniel Roth, Kammers\u00e4nger Peter Schreier, der Musikwissenschaftler, Dirigent und Komponist Clytus Gottwald und der Thomanerchor Leipzig.<em> (cf)<\/em><\/span><\/p>\n<p><span style=\"font-family: arial,helvetica,sans-serif; font-size: small;\">\u00a0<\/span><\/p>\n","protected":false},"excerpt":{"rendered":"<p><span style=\"font-family: arial,helvetica,sans-serif; font-size: small;\">16.01.2016 &#8212; Der Dirigent Hans-Christoph Rademann wird mit dem mit 5000 Euro dotierten Preis der Europ\u00e4ischen Kirchenmusik 2016 ausgezeichnet.<\/span><\/p>\n","protected":false},"author":1,"featured_media":0,"comment_status":"open","ping_status":"open","sticky":false,"template":"","format":"standard","meta":{"footnotes":""},"categories":[2],"tags":[],"class_list":["post-2728","post","type-post","status-publish","format-standard","hentry","category-nachrichten","entry"],"_links":{"self":[{"href":"https:\/\/codexflores.ch\/index.php\/wp-json\/wp\/v2\/posts\/2728","targetHints":{"allow":["GET"]}}],"collection":[{"href":"https:\/\/codexflores.ch\/index.php\/wp-json\/wp\/v2\/posts"}],"about":[{"href":"https:\/\/codexflores.ch\/index.php\/wp-json\/wp\/v2\/types\/post"}],"author":[{"embeddable":true,"href":"https:\/\/codexflores.ch\/index.php\/wp-json\/wp\/v2\/users\/1"}],"replies":[{"embeddable":true,"href":"https:\/\/codexflores.ch\/index.php\/wp-json\/wp\/v2\/comments?post=2728"}],"version-history":[{"count":0,"href":"https:\/\/codexflores.ch\/index.php\/wp-json\/wp\/v2\/posts\/2728\/revisions"}],"wp:attachment":[{"href":"https:\/\/codexflores.ch\/index.php\/wp-json\/wp\/v2\/media?parent=2728"}],"wp:term":[{"taxonomy":"category","embeddable":true,"href":"https:\/\/codexflores.ch\/index.php\/wp-json\/wp\/v2\/categories?post=2728"},{"taxonomy":"post_tag","embeddable":true,"href":"https:\/\/codexflores.ch\/index.php\/wp-json\/wp\/v2\/tags?post=2728"}],"curies":[{"name":"wp","href":"https:\/\/api.w.org\/{rel}","templated":true}]}}