{"id":2731,"date":"2016-01-20T06:36:17","date_gmt":"2016-01-20T06:36:17","guid":{"rendered":"https:\/\/codexflores.ch\/index.php\/2016\/01\/20\/forschungsprojekt-bayerische-staatsoper-1933-1963\/"},"modified":"2016-01-20T06:36:17","modified_gmt":"2016-01-20T06:36:17","slug":"forschungsprojekt-bayerische-staatsoper-1933-1963","status":"publish","type":"post","link":"https:\/\/codexflores.ch\/index.php\/2016\/01\/20\/forschungsprojekt-bayerische-staatsoper-1933-1963\/","title":{"rendered":"Forschungsprojekt Bayerische Staatsoper 1933-1963"},"content":{"rendered":"<p><span style=\"font-family: arial,helvetica,sans-serif; font-size: small;\">20.01.2016 &#8212; Ein Team der Universit\u00e4t M\u00fcnchen hat im Auftrag der Bayerischen Staatsoper personelle und \u00e4sthetische Entwicklungen und Br\u00fcche w\u00e4hrend und nach dem Zweiten Weltkrieg untersucht. Erste Ergebnisse liegen nun vor.<\/span><\/p>\n<p><strong><span style=\"font-family: arial,helvetica,sans-serif; font-size: small;\">20.01.2016 &#8212; Ein Team der Universit\u00e4t M\u00fcnchen hat im Auftrag der Bayerischen Staatsoper personelle und \u00e4sthetische Entwicklungen und Br\u00fcche w\u00e4hrend und nach dem Zweiten Weltkrieg untersucht. Erste Ergebnisse liegen nun vor.<\/span><\/strong><\/p>\n<p>\u00a0<\/p>\n<p><span style=\"font-family: arial,helvetica,sans-serif; font-size: small;\">Die Schwerpunkte des Forschungsprojektes liegen einerseits in \u00e4sthetisch-interpretatorischer Hinsicht auf der Musiktheaterpolitik jener Jahre, andererseits auf dem architektonischen, institutionellen und personellen Wiederaufbau des Nationaltheaters. Als Quellen dienen sowohl historische Zeitungsberichte und aktuelle Zeitzeugengespr\u00e4che als auch Briefwechsel, Werk- und Personalakten (z.B. Richard Strauss, Rudolf Hartmann oder Clemens Krauss), die in verschiedenen Archiven gesichtet wurden. Hierzu geh\u00f6ren das Bayerische Hauptstaatsarchiv M\u00fcnchen und dessen Aussenstelle in Eichst\u00e4tt, das Staats- und das Stadtarchiv M\u00fcnchen, das Deutsche Theatermuseum und das Archiv der Freunde des Nationaltheaters.\u00a0<\/span><\/p>\n<p>\u00a0<\/p>\n<p><span style=\"font-family: arial,helvetica,sans-serif; font-size: small;\">Geleitet worden ist das auf drei Jahre angelegte Projekt von Institutsleiter Christopher Balme und dem Theater- und Musikwissenschaftler J\u00fcrgen Schl\u00e4der. Zum Forschungsteam geh\u00f6ren ausserdem der wissenschaftliche Mitarbeiter der Theaterwissenschaft M\u00fcnchen, Rasmus Cromme, der Doktorand Dominik Frank sowie Katrin Fr\u00fchinsfeld, wissenschaftliche Hilfskraft des Forschungsprojekts.<\/span><\/p>\n<p>\u00a0<\/p>\n<p><span style=\"font-family: arial,helvetica,sans-serif; font-size: small;\">Die Ergebnisse der Forschungsarbeit werden der \u00d6ffentlichkeit ab dem 25. Januar in insgesamt vier Vortragsabenden pr\u00e4sentiert. W\u00e4hrend der M\u00fcnchner Opernfestspiele 2016 findet ein zweit\u00e4giges Abschlusssymposium statt. <em>(cf)<\/em><\/span><\/p>\n<p>\u00a0<\/p>\n","protected":false},"excerpt":{"rendered":"<p><span style=\"font-family: arial,helvetica,sans-serif; font-size: small;\">20.01.2016 &#8212; Ein Team der Universit\u00e4t M\u00fcnchen hat im Auftrag der Bayerischen Staatsoper personelle und \u00e4sthetische Entwicklungen und Br\u00fcche w\u00e4hrend und nach dem Zweiten Weltkrieg untersucht. Erste Ergebnisse liegen nun vor.<\/span><\/p>\n","protected":false},"author":1,"featured_media":0,"comment_status":"open","ping_status":"open","sticky":false,"template":"","format":"standard","meta":{"footnotes":""},"categories":[2],"tags":[],"class_list":["post-2731","post","type-post","status-publish","format-standard","hentry","category-nachrichten","entry"],"_links":{"self":[{"href":"https:\/\/codexflores.ch\/index.php\/wp-json\/wp\/v2\/posts\/2731","targetHints":{"allow":["GET"]}}],"collection":[{"href":"https:\/\/codexflores.ch\/index.php\/wp-json\/wp\/v2\/posts"}],"about":[{"href":"https:\/\/codexflores.ch\/index.php\/wp-json\/wp\/v2\/types\/post"}],"author":[{"embeddable":true,"href":"https:\/\/codexflores.ch\/index.php\/wp-json\/wp\/v2\/users\/1"}],"replies":[{"embeddable":true,"href":"https:\/\/codexflores.ch\/index.php\/wp-json\/wp\/v2\/comments?post=2731"}],"version-history":[{"count":0,"href":"https:\/\/codexflores.ch\/index.php\/wp-json\/wp\/v2\/posts\/2731\/revisions"}],"wp:attachment":[{"href":"https:\/\/codexflores.ch\/index.php\/wp-json\/wp\/v2\/media?parent=2731"}],"wp:term":[{"taxonomy":"category","embeddable":true,"href":"https:\/\/codexflores.ch\/index.php\/wp-json\/wp\/v2\/categories?post=2731"},{"taxonomy":"post_tag","embeddable":true,"href":"https:\/\/codexflores.ch\/index.php\/wp-json\/wp\/v2\/tags?post=2731"}],"curies":[{"name":"wp","href":"https:\/\/api.w.org\/{rel}","templated":true}]}}