{"id":2733,"date":"2016-01-21T06:57:08","date_gmt":"2016-01-21T06:57:08","guid":{"rendered":"https:\/\/codexflores.ch\/index.php\/2016\/01\/21\/zimmermann-bekommt-general-dupont-grumiaux-stradivari\/"},"modified":"2016-01-21T06:57:08","modified_gmt":"2016-01-21T06:57:08","slug":"zimmermann-bekommt-general-dupont-grumiaux-stradivari","status":"publish","type":"post","link":"https:\/\/codexflores.ch\/index.php\/2016\/01\/21\/zimmermann-bekommt-general-dupont-grumiaux-stradivari\/","title":{"rendered":"Zimmermann bekommt G\u00e9n\u00e9ral-Dupont-Grumiaux-Stradivari"},"content":{"rendered":"<p><span style=\"font-family: arial,helvetica,sans-serif; font-size: small;\">21.01.2016 &#8212; Frank Peter Zimmermann, der seine Stradivari\u00a0\u00abLady Inchiquin\u00bb wegen der WestLB-Aff\u00e4re zur\u00fcckgeben musste, hat von einem chinesisch-deutschen Unternehmer leihweise die \u00abG\u00e9n\u00e9ral Dupont, Grumiaux\u00bb-Stradivari erhalten.<\/span><\/p>\n<p><span style=\"font-family: arial,helvetica,sans-serif; font-size: small;\"><strong>21.01.2016 &#8212; Frank Peter Zimmermann, der seine Stradivari\u00a0\u00abLady Inchiquin\u00bb wegen der WestLB-Aff\u00e4re zur\u00fcckgeben musste, hat von einem chinesisch-deutschen Unternehmer leihweise die \u00abG\u00e9n\u00e9ral Dupont, Grumiaux\u00bb-Stradivari erhalten.<\/strong><\/span><\/p>\n<p><span style=\"font-family: arial,helvetica,sans-serif; font-size: small;\">\u00a0<\/span><\/p>\n<p><span style=\"font-family: arial,helvetica,sans-serif; font-size: small;\">Zimmermann spielt mit dem Instrument heute erstmals \u00f6ffentlich, und zwar mit den Berliner Philharmonikern die deutsche Erstauff\u00fchrung des 2. Violinkonzerts von Magnus Lindberg, das f\u00fcr ihn geschrieben wurde.<\/span><\/p>\n<p><span style=\"font-family: arial,helvetica,sans-serif; font-size: small;\">\u00a0<\/span><\/p>\n<p><span style=\"font-family: arial,helvetica,sans-serif; font-size: small;\">Der als Herr Yu bezeichnete chinesisch-deutsche Unternehmer war als Importeur\u00a0deutscher umweltfreundlicher Farbe in China t\u00e4tig. Er gr\u00fcndet laut einer Mitteilung des K\u00fcnstler Sekretariat am Gasteig zur Zeit die Yu Kunststiftung, die der F\u00f6rderung der klassischen Musik in China und vor allem chinesischen Musikern zu Gute kommen soll. Die Stiftung plant Stipendien, Instrumentenverleih, sowie die Veranstaltung von Musikfestivals. <em>(cf)<\/em><\/span><\/p>\n","protected":false},"excerpt":{"rendered":"<p><span style=\"font-family: arial,helvetica,sans-serif; font-size: small;\">21.01.2016 &#8212; Frank Peter Zimmermann, der seine Stradivari\u00a0\u00abLady Inchiquin\u00bb wegen der WestLB-Aff\u00e4re zur\u00fcckgeben musste, hat von einem chinesisch-deutschen Unternehmer leihweise die \u00abG\u00e9n\u00e9ral Dupont, Grumiaux\u00bb-Stradivari erhalten.<\/span><\/p>\n","protected":false},"author":1,"featured_media":0,"comment_status":"open","ping_status":"open","sticky":false,"template":"","format":"standard","meta":{"footnotes":""},"categories":[2],"tags":[],"class_list":["post-2733","post","type-post","status-publish","format-standard","hentry","category-nachrichten","entry"],"_links":{"self":[{"href":"https:\/\/codexflores.ch\/index.php\/wp-json\/wp\/v2\/posts\/2733","targetHints":{"allow":["GET"]}}],"collection":[{"href":"https:\/\/codexflores.ch\/index.php\/wp-json\/wp\/v2\/posts"}],"about":[{"href":"https:\/\/codexflores.ch\/index.php\/wp-json\/wp\/v2\/types\/post"}],"author":[{"embeddable":true,"href":"https:\/\/codexflores.ch\/index.php\/wp-json\/wp\/v2\/users\/1"}],"replies":[{"embeddable":true,"href":"https:\/\/codexflores.ch\/index.php\/wp-json\/wp\/v2\/comments?post=2733"}],"version-history":[{"count":0,"href":"https:\/\/codexflores.ch\/index.php\/wp-json\/wp\/v2\/posts\/2733\/revisions"}],"wp:attachment":[{"href":"https:\/\/codexflores.ch\/index.php\/wp-json\/wp\/v2\/media?parent=2733"}],"wp:term":[{"taxonomy":"category","embeddable":true,"href":"https:\/\/codexflores.ch\/index.php\/wp-json\/wp\/v2\/categories?post=2733"},{"taxonomy":"post_tag","embeddable":true,"href":"https:\/\/codexflores.ch\/index.php\/wp-json\/wp\/v2\/tags?post=2733"}],"curies":[{"name":"wp","href":"https:\/\/api.w.org\/{rel}","templated":true}]}}