{"id":2736,"date":"2016-01-25T07:26:45","date_gmt":"2016-01-25T07:26:45","guid":{"rendered":"https:\/\/codexflores.ch\/index.php\/2016\/01\/25\/petition-fuer-eine-kindergerechte-klarinette\/"},"modified":"2016-01-25T07:26:45","modified_gmt":"2016-01-25T07:26:45","slug":"petition-fuer-eine-kindergerechte-klarinette","status":"publish","type":"post","link":"https:\/\/codexflores.ch\/index.php\/2016\/01\/25\/petition-fuer-eine-kindergerechte-klarinette\/","title":{"rendered":"Petition f\u00fcr eine kindergerechte Klarinette"},"content":{"rendered":"<p><span style=\"font-family: arial,helvetica,sans-serif; font-size: small;\">25.01.2016 &#8212; In der Folge des an ZHdK durchgef\u00fchrten Schweizerischen Klarinettentages hat die Schweizerische Klarinettengesellschaft die Instrumentenbauer aufgerufen, ein geeignetes Instrument f\u00fcr den fr\u00fchen Einstieg auf der Klarinette auf den Markt zu bringen.<\/span><\/p>\n<p><strong><span style=\"font-family: arial,helvetica,sans-serif; font-size: small;\">25.01.2016 &#8212; In der Folge des an ZHdK durchgef\u00fchrten Schweizerischen Klarinettentages hat die Schweizerische Klarinettengesellschaft die Instrumentenbauer aufgerufen, ein geeignetes Instrument f\u00fcr den fr\u00fchen Einstieg auf der Klarinette auf den Markt zu bringen.<\/span><\/strong><\/p>\n<p><span style=\"font-family: arial,helvetica,sans-serif; font-size: small;\">\u00a0<\/span><\/p>\n<p><span style=\"font-family: arial,helvetica,sans-serif; font-size: small;\">Um den sinnvollen Einstieg auf der Klarinette f\u00fcr j\u00fcngere Kinder zu gew\u00e4hrleisten, brauche es zwischen der sogenannten \u00abTigerklarinette\u00bb, die in Hoch G gestimmt ist, und der bestehenden C-Klarinette ein neues Instrument mit ausgebauter Applikatur, ebenfalls in Hoch G gestimmt.<\/span><\/p>\n<p><span style=\"font-family: arial,helvetica,sans-serif; font-size: small;\">\u00a0<\/span><\/p>\n<p><span style=\"font-family: arial,helvetica,sans-serif; font-size: small;\">Eine solche m\u00fcsse unter anderem leichtgewichtig, mit ausbalancierten Gewichtsverh\u00e4ltnissen sein, sie sollte auf bestimmte heikle Klappen verzichten und so robust gebaut sein, dass sie wenigstens f\u00fcnf Jahre gut spielbar bleibe. Eine solche Klarinette liege in den nat\u00fcrlichen Tonlage der singenden Kinder und weise zudem genau die richtige L\u00e4nge auf, um das Kind in der idealen K\u00f6rperstellung mit perfekt angewinkelten Armen musizieren zu lassen.<\/span><\/p>\n<p><span style=\"font-family: arial,helvetica,sans-serif; font-size: small;\">\u00a0<\/span><\/p>\n<p><span style=\"font-family: arial,helvetica,sans-serif; font-size: small;\">In den letzten Jahrzehnten ist ein deutlicher Nachwuchs-R\u00fcckgang zu verzeichnen. W\u00e4hrend andere Instrumente einen eigentlichen Boom erlebten, verliere die Klarinette stetig an Boden. Die Klarinettenp\u00e4dagogen versuchten hier seit Jahren mit Engagement und Kreativit\u00e4t Gegensteuer zu geben, dennoch sei der Wendepunkt noch nicht erreicht. <em>(cf)<\/em><\/span><\/p>\n","protected":false},"excerpt":{"rendered":"<p><span style=\"font-family: arial,helvetica,sans-serif; font-size: small;\">25.01.2016 &#8212; In der Folge des an ZHdK durchgef\u00fchrten Schweizerischen Klarinettentages hat die Schweizerische Klarinettengesellschaft die Instrumentenbauer aufgerufen, ein geeignetes Instrument f\u00fcr den fr\u00fchen Einstieg auf der Klarinette auf den Markt zu bringen.<\/span><\/p>\n","protected":false},"author":1,"featured_media":0,"comment_status":"open","ping_status":"open","sticky":false,"template":"","format":"standard","meta":{"footnotes":""},"categories":[2],"tags":[],"class_list":["post-2736","post","type-post","status-publish","format-standard","hentry","category-nachrichten","entry"],"_links":{"self":[{"href":"https:\/\/codexflores.ch\/index.php\/wp-json\/wp\/v2\/posts\/2736","targetHints":{"allow":["GET"]}}],"collection":[{"href":"https:\/\/codexflores.ch\/index.php\/wp-json\/wp\/v2\/posts"}],"about":[{"href":"https:\/\/codexflores.ch\/index.php\/wp-json\/wp\/v2\/types\/post"}],"author":[{"embeddable":true,"href":"https:\/\/codexflores.ch\/index.php\/wp-json\/wp\/v2\/users\/1"}],"replies":[{"embeddable":true,"href":"https:\/\/codexflores.ch\/index.php\/wp-json\/wp\/v2\/comments?post=2736"}],"version-history":[{"count":0,"href":"https:\/\/codexflores.ch\/index.php\/wp-json\/wp\/v2\/posts\/2736\/revisions"}],"wp:attachment":[{"href":"https:\/\/codexflores.ch\/index.php\/wp-json\/wp\/v2\/media?parent=2736"}],"wp:term":[{"taxonomy":"category","embeddable":true,"href":"https:\/\/codexflores.ch\/index.php\/wp-json\/wp\/v2\/categories?post=2736"},{"taxonomy":"post_tag","embeddable":true,"href":"https:\/\/codexflores.ch\/index.php\/wp-json\/wp\/v2\/tags?post=2736"}],"curies":[{"name":"wp","href":"https:\/\/api.w.org\/{rel}","templated":true}]}}