{"id":2738,"date":"2016-01-26T06:49:44","date_gmt":"2016-01-26T06:49:44","guid":{"rendered":"https:\/\/codexflores.ch\/index.php\/2016\/01\/26\/jugend-und-musik-in-der-kulturbotschaft\/"},"modified":"2016-01-26T06:49:44","modified_gmt":"2016-01-26T06:49:44","slug":"jugend-und-musik-in-der-kulturbotschaft","status":"publish","type":"post","link":"https:\/\/codexflores.ch\/index.php\/2016\/01\/26\/jugend-und-musik-in-der-kulturbotschaft\/","title":{"rendered":"Jugend und Musik in der Kulturbotschaft"},"content":{"rendered":"<p><span style=\"font-family: arial,helvetica,sans-serif; font-size: small;\">26.01.2016 &#8212; Das Bundesamt f\u00fcr Kultur (BAK) hat seine Umsetzungsmassnahmen der Kulturbotschaft 2016\u20132020 vorgestellt. Dabei wird erstmals die Umsetzung des ersten Ziels der Musikinitiative skizziert.<\/span><\/p>\n<p><strong><span style=\"font-family: arial,helvetica,sans-serif; font-size: small;\">26.01.2016 &#8212; Das Bundesamt f\u00fcr Kultur (BAK) hat seine Umsetzungsmassnahmen der Kulturbotschaft 2016\u20132020 vorgestellt. Dabei wird erstmals die Umsetzung des ersten Ziels der Musikinitiative skizziert.<\/span><\/strong><\/p>\n<p>\u00a0<\/p>\n<p><span style=\"font-family: arial,helvetica,sans-serif; font-size: small;\">Die Kulturbotschaft 2016\u20132020 ist am 19. Juni 2015 vom Parlament genehmigt worden. Seither hat das BAK laut seiner Medienmitteilung konkrete Massnahmen f\u00fcr die Umsetzung ausgearbeitet. Insbesondere sind am 1. Januar drei neue F\u00f6rderungskonzepte zur Kulturellen Teilhabe, zum Programm \u00abJugend+Musik\u00bb sowie zur Verlagsf\u00f6rderung in Kraft getreten. Die bereits bestehenden F\u00f6rderungskonzepte f\u00fcr die anderen Bereiche werden im Laufe des Jahres revidiert.<\/span><\/p>\n<p>\u00a0<\/p>\n<p><span style=\"font-family: arial,helvetica,sans-serif; font-size: small;\">Mit dem Programm \u00abJugend+Musik\u00bb sollen (analog zu \u00abJugend+Sport\u00bb) Musiklager und Musikkurse f\u00fcr Kinder und Jugendliche sowie die Aus- und Weiterbildung von deren Leiterinnen und Leitern unterst\u00fctzt werden. \u00dcberdies sollen die seit 2012 im Bereich der musikalischen Bildung bestehenden F\u00f6rdermassnahmen verst\u00e4rkt werden\u00a0\u2013 die Unterst\u00fctzung von nationalen Musikformationen, -wettbewerben und -festivals.<\/span><\/p>\n<p><span style=\"font-family: arial,helvetica,sans-serif; font-size: small;\">\u00a0<\/span><\/p>\n<p><span style=\"font-family: arial,helvetica,sans-serif; font-size: small;\"> <span style=\"font-family: arial,helvetica,sans-serif; font-size: small;\">\u00abJugend+Musik\u00bb will das BAK nicht als Konkurrenz, sondern als niederschwellige Erg\u00e4nzung zu den Angeboten der Musikschulen verstehen. Die Realisierung und Zertifizierung der Leiterausbildung wird dabei an eine externe Berner Firma ausgelagert. Ein zweites Ziel der Musikinitative, die Begabtenf\u00f6rderung, soll sp\u00e4ter in Angriff genommen werden. <\/span><em>(cf)<\/em> \u00a0 <\/span><\/p>\n<p>\u00a0<\/p>\n","protected":false},"excerpt":{"rendered":"<p><span style=\"font-family: arial,helvetica,sans-serif; font-size: small;\">26.01.2016 &#8212; Das Bundesamt f\u00fcr Kultur (BAK) hat seine Umsetzungsmassnahmen der Kulturbotschaft 2016\u20132020 vorgestellt. Dabei wird erstmals die Umsetzung des ersten Ziels der Musikinitiative skizziert.<\/span><\/p>\n","protected":false},"author":1,"featured_media":0,"comment_status":"open","ping_status":"open","sticky":false,"template":"","format":"standard","meta":{"footnotes":""},"categories":[2],"tags":[],"class_list":["post-2738","post","type-post","status-publish","format-standard","hentry","category-nachrichten","entry"],"_links":{"self":[{"href":"https:\/\/codexflores.ch\/index.php\/wp-json\/wp\/v2\/posts\/2738","targetHints":{"allow":["GET"]}}],"collection":[{"href":"https:\/\/codexflores.ch\/index.php\/wp-json\/wp\/v2\/posts"}],"about":[{"href":"https:\/\/codexflores.ch\/index.php\/wp-json\/wp\/v2\/types\/post"}],"author":[{"embeddable":true,"href":"https:\/\/codexflores.ch\/index.php\/wp-json\/wp\/v2\/users\/1"}],"replies":[{"embeddable":true,"href":"https:\/\/codexflores.ch\/index.php\/wp-json\/wp\/v2\/comments?post=2738"}],"version-history":[{"count":0,"href":"https:\/\/codexflores.ch\/index.php\/wp-json\/wp\/v2\/posts\/2738\/revisions"}],"wp:attachment":[{"href":"https:\/\/codexflores.ch\/index.php\/wp-json\/wp\/v2\/media?parent=2738"}],"wp:term":[{"taxonomy":"category","embeddable":true,"href":"https:\/\/codexflores.ch\/index.php\/wp-json\/wp\/v2\/categories?post=2738"},{"taxonomy":"post_tag","embeddable":true,"href":"https:\/\/codexflores.ch\/index.php\/wp-json\/wp\/v2\/tags?post=2738"}],"curies":[{"name":"wp","href":"https:\/\/api.w.org\/{rel}","templated":true}]}}