{"id":274,"date":"2014-01-10T11:09:04","date_gmt":"2014-01-10T11:09:04","guid":{"rendered":"https:\/\/codexflores.ch\/index.php\/2014\/01\/10\/soundtrack-zu-tykwers-film-das-parfuem\/"},"modified":"2014-01-10T11:09:04","modified_gmt":"2014-01-10T11:09:04","slug":"soundtrack-zu-tykwers-film-das-parfuem","status":"publish","type":"post","link":"https:\/\/codexflores.ch\/index.php\/2014\/01\/10\/soundtrack-zu-tykwers-film-das-parfuem\/","title":{"rendered":"Soundtrack zu Tykwers Film \u00abDas Parf\u00fcm\u00bb"},"content":{"rendered":"<p><span class=\"txt-m-black\"><img decoding=\"async\" src=\"http:\/\/212.60.37.143\/bilder\/2006\/060922parfum.jpg\" border=\"0\" align=\"left\" \/><em>22.09.2006 &#8212;<\/em> Tom Tykwers Verfilmung von Patrick S\u00fcskinds Bestseller \u00abDas Parf\u00fcm\u00bb ist zur Zeit in aller Munde \u2013 oder m\u00fcsste man sagen Nase? \u2013 und fristgerecht zum Kinostart hat EMI Classics auch die CD mit dem Soundtrack verf\u00fcgbar gemacht. Die Silberscheibe hat ein paar Eigenheiten, die sie bemerkenswert machen. Zuallererst darf man zur Kenntnis nehmen, dass kein geringeres Orchester als die Berliner Philharmoniker unter der Leitung von Simon Rattle dem Oeuvre seine Stimme leiht. Daneben ist der lettische Staatschor zu h\u00f6ren, der offenbar in Riga gesondert aufgenommen worden ist. Weitere Mitwirkende sind die Sopranistinnen Chen Reiss und Melanie Mitrano sowie Victor de Mazi\u00e8re, der seinen Knabensopran beisteuert. Die Orchesteraufnahmen sind im April dieses Jahres in den Berliner Teldex-Studios realisiert worden.<\/p>\n<p> Ebenfalls bemerkenswert ist das Marketingkonzept der CD. Wer die Scheibe n\u00e4mlich ins Laufwerk eines PC mit Internetanbindung steckt, kann eine Webseite ansteuern, von der sich mit \u00abExperiment\u00bb ein Track herunterladen l\u00e4sst, der auf der CD selber nicht zu finden ist. Dem Rezensenten ist dies nicht auf Anhieb gelungen. M\u00f6glich also, dass der eine oder andere mit dem Digital Rights Management des Systems Probleme hat. Nur nicht verzagen.<\/p>\n<p> Schliesslich f\u00e4llt auf, dass man mit der Lupe suchen muss, wer denn nun die Musik zum Film geschrieben hat. Es ist offenbar der Regisseur Tom Tykwer selber, in Zusammenarbeit mit Johnny Klimeck und Reinhold Heil. Die beiden waren Mitglied der Gruppe von Nina Hagen, Klimek arbeitete \u00fcberdies bereits am Soundtrack von Tykwers fr\u00fcherem Blockbuster \u00abLola rennt\u00bb mit.<\/p>\n<p> Dass die Komponisten nicht gerade herausgestrichen werden, macht deutlich, dass mit den atmosph\u00e4rischen Klangen kaum ein autonomer k\u00fcnstlerischer Anspruch verbunden ist. Die Filmmusik dient dazu, eine d\u00fcstere und sinnliche Atmosph\u00e4re zu schaffen, was ihr auch \u00fcberaus gut gelingt.<\/p>\n<p> Stilistisch bewegen sich die Tracks im Fadenkreuz von Klangfl\u00e4chenkompositionen, esoterischer Meditationsmusik und Minimal Music. Sie bleibt \u00fcber weite Strecken \u00fcber dunkeln Streicherteppichen praktisch stehen. \u00dcber den Streicherpads repetieren die vokalisierenden Singstimmen, Harfe, Glockenspiel und irisierende elektronische Kl\u00e4nge melodische Muster. Die Musik soll laut Booklet \u00abGeruchswelten auf geradezu magische Art und Weise sinnlich sp\u00fcrbar\u00bb machen. Schliesslich werde ja auch in der Beschreibung von Parf\u00fcms von \u00abAkkorden\u00bb und \u00abDuftnoten\u00bb gesprochen. M\u00f6glich dass man da die schweren, k\u00f6rperbetonten Ger\u00fcche etwas mehr in Griffweite f\u00fchlt als die eher diskreten und lichten. <em>(wb)<\/em><\/p>\n<p> <span style=\"font-size: x-small;\"><em><span class=\"txt-s-black\">\u00abDas Parf\u00fcm \u2013 Die Geschichte eines M\u00f6rders\u00bb, Original Motion Picture Soundtrack von Tom Tykwer, Johnny Klimeck und Reinhold Heil, Berliner Philharmoniker unter der Leitung von Simon Rattle, EMI Classics.<\/span> <\/em><\/span><\/span><\/p>\n","protected":false},"excerpt":{"rendered":"<p>22.09.2006 &#8212; Tom Tykwers Verfilmung von Patrick S\u00fcskinds Bestseller \u00abDas Parf\u00fcm\u00bb ist zur Zeit in aller Munde \u2013 oder m\u00fcsste&#8230;<\/p>\n","protected":false},"author":1,"featured_media":0,"comment_status":"open","ping_status":"open","sticky":false,"template":"","format":"standard","meta":{"footnotes":""},"categories":[4],"tags":[],"class_list":["post-274","post","type-post","status-publish","format-standard","hentry","category-im-gespraech","entry"],"_links":{"self":[{"href":"https:\/\/codexflores.ch\/index.php\/wp-json\/wp\/v2\/posts\/274","targetHints":{"allow":["GET"]}}],"collection":[{"href":"https:\/\/codexflores.ch\/index.php\/wp-json\/wp\/v2\/posts"}],"about":[{"href":"https:\/\/codexflores.ch\/index.php\/wp-json\/wp\/v2\/types\/post"}],"author":[{"embeddable":true,"href":"https:\/\/codexflores.ch\/index.php\/wp-json\/wp\/v2\/users\/1"}],"replies":[{"embeddable":true,"href":"https:\/\/codexflores.ch\/index.php\/wp-json\/wp\/v2\/comments?post=274"}],"version-history":[{"count":0,"href":"https:\/\/codexflores.ch\/index.php\/wp-json\/wp\/v2\/posts\/274\/revisions"}],"wp:attachment":[{"href":"https:\/\/codexflores.ch\/index.php\/wp-json\/wp\/v2\/media?parent=274"}],"wp:term":[{"taxonomy":"category","embeddable":true,"href":"https:\/\/codexflores.ch\/index.php\/wp-json\/wp\/v2\/categories?post=274"},{"taxonomy":"post_tag","embeddable":true,"href":"https:\/\/codexflores.ch\/index.php\/wp-json\/wp\/v2\/tags?post=274"}],"curies":[{"name":"wp","href":"https:\/\/api.w.org\/{rel}","templated":true}]}}