{"id":2743,"date":"2016-01-28T06:56:09","date_gmt":"2016-01-28T06:56:09","guid":{"rendered":"https:\/\/codexflores.ch\/index.php\/2016\/01\/28\/musik-in-der-kirchlichen-bildungsarbeit\/"},"modified":"2016-01-28T06:56:09","modified_gmt":"2016-01-28T06:56:09","slug":"musik-in-der-kirchlichen-bildungsarbeit","status":"publish","type":"post","link":"https:\/\/codexflores.ch\/index.php\/2016\/01\/28\/musik-in-der-kirchlichen-bildungsarbeit\/","title":{"rendered":"Musik in der kirchlichen Bildungsarbeit"},"content":{"rendered":"<p><span style=\"font-family: arial,helvetica,sans-serif; font-size: small;\">28.01.2016 &#8212; Ab dem Wintersemester 2016\/17 k\u00f6nnen Studierende der Bachelorstudieng\u00e4nge Soziale Arbeit und Religionsp\u00e4dagogik und kirchliche Bildungsarbeit an der Katholischen Stiftungsfachhochschule M\u00fcnchen Abteilung Benediktbeuern eine studienbegleitende Musikp\u00e4dagogische Zusatzausbildung (MUZA) absolvieren.<\/span><\/p>\n<p><span style=\"font-family: arial,helvetica,sans-serif; font-size: small;\"><strong>28.01.2016 &#8212; Ab dem Wintersemester 2016\/17 k\u00f6nnen Studierende der Bachelorstudieng\u00e4nge Soziale Arbeit und Religionsp\u00e4dagogik und kirchliche Bildungsarbeit an der Katholischen Stiftungsfachhochschule M\u00fcnchen Abteilung Benediktbeuern eine studienbegleitende Musikp\u00e4dagogische Zusatzausbildung (MUZA) absolvieren.<\/strong><\/span><\/p>\n<p><span style=\"font-family: arial,helvetica,sans-serif; font-size: small;\">\u00a0<\/span><\/p>\n<p><span style=\"font-family: arial,helvetica,sans-serif; font-size: small;\">In immer mehr Praxisfeldern der kirchlichen Bildungsarbeit und der Sozialen Arbeit werde erkannt, wie Musik als wesentlicher Bestandteil unserer Lebenswelt genutzt werden k\u00f6nne, um Beziehungen und Identit\u00e4t zu stiften oder um Gemeinschaft und Gesundheit zu f\u00f6rdern, schreibt die Stiftungsfachhochschule. Als Kommunikations- und Ausdrucksmedium unterst\u00fctze und bereichere Musik das professionelle Handeln, denn nur, wer die spirituellen, emotionalen, sozialen und politischen Dimensionen von Musik kenne, k\u00f6nne damit wirkungsvoll und verantwortungsbewusst umgehen.\u00a0<\/span><\/p>\n<p><span style=\"font-family: arial,helvetica,sans-serif; font-size: small;\">\u00a0<\/span><\/p>\n<p><span style=\"font-family: arial,helvetica,sans-serif; font-size: small;\">Die Musikp\u00e4dagogische Zusatzausbildung MUZA sei eine bundesweit einzigartige Qualifizierung f\u00fcr Studierende, die ihre musikalischen F\u00e4higkeiten gezielt in ihrer k\u00fcnftigen religionsp\u00e4dagogischen oder sozialarbeiterischen T\u00e4tigkeit anwenden wollen, wie etwa im Initiieren einer interkulturellen Kirchenband, eines generations\u00fcbergreifenden inklusiven Chors, in der Schulsozialarbeit mit digitaler mobiler Musik oder in vielen anderen Bereichen.<em> (cf)<\/em><\/span><\/p>\n<p><span style=\"font-family: arial,helvetica,sans-serif; font-size: small;\">\u00a0<\/span><\/p>\n","protected":false},"excerpt":{"rendered":"<p><span style=\"font-family: arial,helvetica,sans-serif; font-size: small;\">28.01.2016 &#8212; Ab dem Wintersemester 2016\/17 k\u00f6nnen Studierende der Bachelorstudieng\u00e4nge Soziale Arbeit und Religionsp\u00e4dagogik und kirchliche Bildungsarbeit an der Katholischen Stiftungsfachhochschule M\u00fcnchen Abteilung Benediktbeuern eine studienbegleitende Musikp\u00e4dagogische Zusatzausbildung (MUZA) absolvieren.<\/span><\/p>\n","protected":false},"author":1,"featured_media":0,"comment_status":"open","ping_status":"open","sticky":false,"template":"","format":"standard","meta":{"footnotes":""},"categories":[2],"tags":[],"class_list":["post-2743","post","type-post","status-publish","format-standard","hentry","category-nachrichten","entry"],"_links":{"self":[{"href":"https:\/\/codexflores.ch\/index.php\/wp-json\/wp\/v2\/posts\/2743","targetHints":{"allow":["GET"]}}],"collection":[{"href":"https:\/\/codexflores.ch\/index.php\/wp-json\/wp\/v2\/posts"}],"about":[{"href":"https:\/\/codexflores.ch\/index.php\/wp-json\/wp\/v2\/types\/post"}],"author":[{"embeddable":true,"href":"https:\/\/codexflores.ch\/index.php\/wp-json\/wp\/v2\/users\/1"}],"replies":[{"embeddable":true,"href":"https:\/\/codexflores.ch\/index.php\/wp-json\/wp\/v2\/comments?post=2743"}],"version-history":[{"count":0,"href":"https:\/\/codexflores.ch\/index.php\/wp-json\/wp\/v2\/posts\/2743\/revisions"}],"wp:attachment":[{"href":"https:\/\/codexflores.ch\/index.php\/wp-json\/wp\/v2\/media?parent=2743"}],"wp:term":[{"taxonomy":"category","embeddable":true,"href":"https:\/\/codexflores.ch\/index.php\/wp-json\/wp\/v2\/categories?post=2743"},{"taxonomy":"post_tag","embeddable":true,"href":"https:\/\/codexflores.ch\/index.php\/wp-json\/wp\/v2\/tags?post=2743"}],"curies":[{"name":"wp","href":"https:\/\/api.w.org\/{rel}","templated":true}]}}