{"id":2746,"date":"2016-01-29T06:54:53","date_gmt":"2016-01-29T06:54:53","guid":{"rendered":"https:\/\/codexflores.ch\/index.php\/2016\/01\/29\/norgard-mit-siemens-musikpreis-geehrt\/"},"modified":"2016-01-29T06:54:53","modified_gmt":"2016-01-29T06:54:53","slug":"norgard-mit-siemens-musikpreis-geehrt","status":"publish","type":"post","link":"https:\/\/codexflores.ch\/index.php\/2016\/01\/29\/norgard-mit-siemens-musikpreis-geehrt\/","title":{"rendered":"N\u00f8rg\u00e5rd mit Siemens Musikpreis geehrt"},"content":{"rendered":"<p><span style=\"font-family: arial,helvetica,sans-serif; font-size: small;\">29.01.2016 &#8212; Der d\u00e4nische Komponist Per N\u00f8rg\u00e5rd wird mit dem mit 250&#8217;000 Euro hochdotierten Ernst von Siemens Musikpreis geehrt. Der Tonsch\u00f6pfer hat sich in seinen Werken nicht zuletzt vom schizophrenen Schweizer K\u00fcnstler Adolf W\u00f6lfli inspirieren lassen.<\/span><\/p>\n<p><span style=\"font-family: arial,helvetica,sans-serif; font-size: small;\"><strong>29.01.2016 &#8212; Der d\u00e4nische Komponist Per N\u00f8rg\u00e5rd wird mit dem mit 250&#8217;000 Euro hochdotierten Ernst von Siemens Musikpreis geehrt. Der Tonsch\u00f6pfer hat sich in seinen Werken nicht zuletzt vom schizophrenen Schweizer K\u00fcnstler Adolf W\u00f6lfli inspirieren lassen.<\/strong><\/span><\/p>\n<p><span style=\"font-family: arial,helvetica,sans-serif; font-size: small;\">\u00a0<\/span><\/p>\n<p><span style=\"font-family: arial,helvetica,sans-serif; font-size: small;\">Der 1932 geborene N\u00f8rg\u00e5rd gilt als herausragendster d\u00e4nischer Komponist nach Carl Nielsen. Sein Studium absolvierte er beim d\u00e4nischen Komponisten Vagn Holmboe, an der K\u00f6niglich D\u00e4nischen Musikakademie sowie bei Nadja Boulanger in Paris.<\/span><\/p>\n<p><span style=\"font-family: arial,helvetica,sans-serif; font-size: small;\">\u00a0<\/span><\/p>\n<p><span style=\"font-family: arial,helvetica,sans-serif; font-size: small;\">Nach der Arbeit an seiner dritten Sinfonie (1974) entdeckt N\u00f8rg\u00e5rd das Werk Adolf W\u00f6lfli, das in seiner Musik das Irrationale, den Konflikt und die Instabilit\u00e4t wiederaufleben l\u00e4sst \u2013 \u00abnicht in Form einer Fragmentierung oder Ambiguit\u00e4t, die viele seiner Kompositionen aus den zehn Jahren zuvor pr\u00e4gt, sondern als zwangsl\u00e4ufiger Gegenpart einer universellen Ordnung\u00bb, wie die Siemens Musikstiftung schreibt..<\/span><\/p>\n<p><span style=\"font-family: arial,helvetica,sans-serif; font-size: small;\">\u00a0<\/span><\/p>\n<p><span style=\"font-family: arial,helvetica,sans-serif; font-size: small;\">Dies zeige sich schon am Titel der vierten Sinfonie (1981), \u00abIndischer Roosengaarten und Chineesischer Hexensee\u00bb, und durchdringe auch die Oper \u00abDer g\u00f6ttliche Tivoli\u00bb (1982), in der die Kunst als Seifenblase dargestellt werde, die zwischen Wahrheit und T\u00e4uschung zerplatze. <em>(cf)<\/em><\/span><\/p>\n","protected":false},"excerpt":{"rendered":"<p><span style=\"font-family: arial,helvetica,sans-serif; font-size: small;\">29.01.2016 &#8212; Der d\u00e4nische Komponist Per N\u00f8rg\u00e5rd wird mit dem mit 250&#8217;000 Euro hochdotierten Ernst von Siemens Musikpreis geehrt. Der Tonsch\u00f6pfer hat sich in seinen Werken nicht zuletzt vom schizophrenen Schweizer K\u00fcnstler Adolf W\u00f6lfli inspirieren lassen.<\/span><\/p>\n","protected":false},"author":1,"featured_media":0,"comment_status":"open","ping_status":"open","sticky":false,"template":"","format":"standard","meta":{"footnotes":""},"categories":[2],"tags":[],"class_list":["post-2746","post","type-post","status-publish","format-standard","hentry","category-nachrichten","entry"],"_links":{"self":[{"href":"https:\/\/codexflores.ch\/index.php\/wp-json\/wp\/v2\/posts\/2746","targetHints":{"allow":["GET"]}}],"collection":[{"href":"https:\/\/codexflores.ch\/index.php\/wp-json\/wp\/v2\/posts"}],"about":[{"href":"https:\/\/codexflores.ch\/index.php\/wp-json\/wp\/v2\/types\/post"}],"author":[{"embeddable":true,"href":"https:\/\/codexflores.ch\/index.php\/wp-json\/wp\/v2\/users\/1"}],"replies":[{"embeddable":true,"href":"https:\/\/codexflores.ch\/index.php\/wp-json\/wp\/v2\/comments?post=2746"}],"version-history":[{"count":0,"href":"https:\/\/codexflores.ch\/index.php\/wp-json\/wp\/v2\/posts\/2746\/revisions"}],"wp:attachment":[{"href":"https:\/\/codexflores.ch\/index.php\/wp-json\/wp\/v2\/media?parent=2746"}],"wp:term":[{"taxonomy":"category","embeddable":true,"href":"https:\/\/codexflores.ch\/index.php\/wp-json\/wp\/v2\/categories?post=2746"},{"taxonomy":"post_tag","embeddable":true,"href":"https:\/\/codexflores.ch\/index.php\/wp-json\/wp\/v2\/tags?post=2746"}],"curies":[{"name":"wp","href":"https:\/\/api.w.org\/{rel}","templated":true}]}}