{"id":2749,"date":"2016-02-01T06:54:13","date_gmt":"2016-02-01T06:54:13","guid":{"rendered":"https:\/\/codexflores.ch\/index.php\/2016\/02\/01\/tod-des-schweizer-floetisten-aurele-nicolet\/"},"modified":"2016-02-01T06:54:13","modified_gmt":"2016-02-01T06:54:13","slug":"tod-des-schweizer-floetisten-aurele-nicolet","status":"publish","type":"post","link":"https:\/\/codexflores.ch\/index.php\/2016\/02\/01\/tod-des-schweizer-floetisten-aurele-nicolet\/","title":{"rendered":"Tod des Schweizer Fl\u00f6tisten Aur\u00e8le Nicolet"},"content":{"rendered":"<p><span style=\"font-family: arial,helvetica,sans-serif; font-size: small;\">01.02.2016 &#8212; Der legend\u00e4re Schweizer Fl\u00f6tist Aur\u00e8le Nicolet ist laut einer Meldung des Westschweizer Radio und Fernsehens im Alter von 90 Jahren verstorben.<\/span><\/p>\n<p><span style=\"font-family: arial,helvetica,sans-serif; font-size: small;\"><strong>01.02.2016 &#8212; Der legend\u00e4re Schweizer Fl\u00f6tist Aur\u00e8le Nicolet ist laut einer Meldung des Westschweizer Radio und Fernsehens im Alter von 90 Jahren verstorben.<\/strong><\/span><\/p>\n<p><span style=\"font-family: arial,helvetica,sans-serif; font-size: small;\">\u00a0<\/span><\/p>\n<p><span style=\"font-family: arial,helvetica,sans-serif; font-size: small;\">Der 1926 in Neuenburg geborene Nicolet studierte am Konservatorium in Z\u00fcrich bei Andr\u00e9 Jaunet Fl\u00f6te sowie bei Willy Burkhard Theorie und Tonsatz und bildete sich am Pariser Konservatorium bei Marcel Moyse und Yvonne Drappier weiter. Er wurde von Wilhelm Furtw\u00e4ngler als Solofl\u00f6tist zu den Berliner Philharmonikern geholt, wo er von 1950 bis 1959 aktiv war. Namhafte Komponisten, darunter Toru Takemitsu, Rudolf Kelterborn und Gy\u00f6rgy Ligeti schrieben f\u00fcr ihn Werke.<\/span><\/p>\n<p><span style=\"font-family: arial,helvetica,sans-serif; font-size: small;\">\u00a0<\/span><\/p>\n<p><span style=\"font-family: arial,helvetica,sans-serif; font-size: small;\">Von 1952 bis 1965 war Nicolet Professor an der Hochschule der K\u00fcnste in Berlin und von 1965 bis 1981 Leiter der Meisterklasse in Freiburg. Mit einer eigenen Schule f\u00fcr Fl\u00f6tisten wirkte er als herausragender P\u00e4dagoge und Interpret f\u00fcr sein Instrument stilbildend. <em>(cf)<\/em><\/span><\/p>\n","protected":false},"excerpt":{"rendered":"<p><span style=\"font-family: arial,helvetica,sans-serif; font-size: small;\">01.02.2016 &#8212; Der legend\u00e4re Schweizer Fl\u00f6tist Aur\u00e8le Nicolet ist laut einer Meldung des Westschweizer Radio und Fernsehens im Alter von 90 Jahren verstorben.<\/span><\/p>\n","protected":false},"author":1,"featured_media":0,"comment_status":"open","ping_status":"open","sticky":false,"template":"","format":"standard","meta":{"footnotes":""},"categories":[2],"tags":[],"class_list":["post-2749","post","type-post","status-publish","format-standard","hentry","category-nachrichten","entry"],"_links":{"self":[{"href":"https:\/\/codexflores.ch\/index.php\/wp-json\/wp\/v2\/posts\/2749","targetHints":{"allow":["GET"]}}],"collection":[{"href":"https:\/\/codexflores.ch\/index.php\/wp-json\/wp\/v2\/posts"}],"about":[{"href":"https:\/\/codexflores.ch\/index.php\/wp-json\/wp\/v2\/types\/post"}],"author":[{"embeddable":true,"href":"https:\/\/codexflores.ch\/index.php\/wp-json\/wp\/v2\/users\/1"}],"replies":[{"embeddable":true,"href":"https:\/\/codexflores.ch\/index.php\/wp-json\/wp\/v2\/comments?post=2749"}],"version-history":[{"count":0,"href":"https:\/\/codexflores.ch\/index.php\/wp-json\/wp\/v2\/posts\/2749\/revisions"}],"wp:attachment":[{"href":"https:\/\/codexflores.ch\/index.php\/wp-json\/wp\/v2\/media?parent=2749"}],"wp:term":[{"taxonomy":"category","embeddable":true,"href":"https:\/\/codexflores.ch\/index.php\/wp-json\/wp\/v2\/categories?post=2749"},{"taxonomy":"post_tag","embeddable":true,"href":"https:\/\/codexflores.ch\/index.php\/wp-json\/wp\/v2\/tags?post=2749"}],"curies":[{"name":"wp","href":"https:\/\/api.w.org\/{rel}","templated":true}]}}