{"id":2750,"date":"2016-02-02T06:46:35","date_gmt":"2016-02-02T06:46:35","guid":{"rendered":"https:\/\/codexflores.ch\/index.php\/2016\/02\/02\/hengelbrock-mit-karajan-musikpreis-geehrt\/"},"modified":"2016-02-02T06:46:35","modified_gmt":"2016-02-02T06:46:35","slug":"hengelbrock-mit-karajan-musikpreis-geehrt","status":"publish","type":"post","link":"https:\/\/codexflores.ch\/index.php\/2016\/02\/02\/hengelbrock-mit-karajan-musikpreis-geehrt\/","title":{"rendered":"Hengelbrock mit Karajan-Musikpreis geehrt"},"content":{"rendered":"<p><span style=\"font-family: arial,helvetica,sans-serif; font-size: small;\">02.02.2016 &#8212; Der Dirigent Thomas Hengelbrock erh\u00e4lt den von der Kulturstiftung Festspielhaus Baden-Baden verliehenen und mit 50&#8217;000 Euro dotierten Herbert von Karajan Musikpreis 2015.<\/span><\/p>\n<p><span style=\"font-family: arial,helvetica,sans-serif; font-size: small;\"><strong> 02.02.2016 &#8212; Der Dirigent Thomas Hengelbrock erh\u00e4lt den von der Kulturstiftung Festspielhaus Baden-Baden verliehenen und mit 50&#8217;000 Euro dotierten Herbert von Karajan Musikpreis 2015.<\/strong><\/span><\/p>\n<p>\u00a0<\/p>\n<p><span style=\"font-family: arial,helvetica,sans-serif; font-size: small;\">Das Kuratorium der Kulturstiftung w\u00fcrdigt damit einen K\u00fcnstler, der \u00abden Begriff der Musikvermittlung f\u00fcr kommende Generationen entscheidend um den Bereich der Musikvermittlung f\u00fcr junge professionelle Musikerinnen und Musiker erweitert\u00bb. Er pr\u00e4ge das Bild eines im besten Sinne des Wortes modernen Dirigenten, der ein Repertoire von Musik aus \u00fcber vier Jahrhunderten beherrsche, fortlaufend reflektiere und damit die Musik immer wieder neu befrage. <\/span><\/p>\n<p>\u00a0<\/p>\n<p><span style=\"font-family: arial,helvetica,sans-serif; font-size: small;\">Die Zusammenarbeit mit dem Balthasar-Neumann-Chor und -Ensemble sei dabei in besonderer Weise beispielhaft, so das Kuratorium weiter.<\/span><\/p>\n<p>\u00a0<\/p>\n<p><span style=\"font-family: arial,helvetica,sans-serif; font-size: small;\">Das Kuratorium der Kulturstiftung Festspielhaus Baden-Baden verleiht den Herbert von Karajan Musikpreis seit 2003 j\u00e4hrlich an herausragende Pers\u00f6nlichkeiten des internationalen Musiklebens. Das Preisgeld ist zweckgebunden f\u00fcr die Nachwuchsarbeit. <em>(cf)<\/em><\/span><\/p>\n","protected":false},"excerpt":{"rendered":"<p><span style=\"font-family: arial,helvetica,sans-serif; font-size: small;\">02.02.2016 &#8212; Der Dirigent Thomas Hengelbrock erh\u00e4lt den von der Kulturstiftung Festspielhaus Baden-Baden verliehenen und mit 50&#8217;000 Euro dotierten Herbert von Karajan Musikpreis 2015.<\/span><\/p>\n","protected":false},"author":1,"featured_media":0,"comment_status":"open","ping_status":"open","sticky":false,"template":"","format":"standard","meta":{"footnotes":""},"categories":[2],"tags":[],"class_list":["post-2750","post","type-post","status-publish","format-standard","hentry","category-nachrichten","entry"],"_links":{"self":[{"href":"https:\/\/codexflores.ch\/index.php\/wp-json\/wp\/v2\/posts\/2750","targetHints":{"allow":["GET"]}}],"collection":[{"href":"https:\/\/codexflores.ch\/index.php\/wp-json\/wp\/v2\/posts"}],"about":[{"href":"https:\/\/codexflores.ch\/index.php\/wp-json\/wp\/v2\/types\/post"}],"author":[{"embeddable":true,"href":"https:\/\/codexflores.ch\/index.php\/wp-json\/wp\/v2\/users\/1"}],"replies":[{"embeddable":true,"href":"https:\/\/codexflores.ch\/index.php\/wp-json\/wp\/v2\/comments?post=2750"}],"version-history":[{"count":0,"href":"https:\/\/codexflores.ch\/index.php\/wp-json\/wp\/v2\/posts\/2750\/revisions"}],"wp:attachment":[{"href":"https:\/\/codexflores.ch\/index.php\/wp-json\/wp\/v2\/media?parent=2750"}],"wp:term":[{"taxonomy":"category","embeddable":true,"href":"https:\/\/codexflores.ch\/index.php\/wp-json\/wp\/v2\/categories?post=2750"},{"taxonomy":"post_tag","embeddable":true,"href":"https:\/\/codexflores.ch\/index.php\/wp-json\/wp\/v2\/tags?post=2750"}],"curies":[{"name":"wp","href":"https:\/\/api.w.org\/{rel}","templated":true}]}}