{"id":2751,"date":"2016-02-02T06:50:50","date_gmt":"2016-02-02T06:50:50","guid":{"rendered":"https:\/\/codexflores.ch\/index.php\/2016\/02\/02\/gedenkkonzert-fuer-pierre-boulez-in-luzern\/"},"modified":"2016-02-02T06:50:50","modified_gmt":"2016-02-02T06:50:50","slug":"gedenkkonzert-fuer-pierre-boulez-in-luzern","status":"publish","type":"post","link":"https:\/\/codexflores.ch\/index.php\/2016\/02\/02\/gedenkkonzert-fuer-pierre-boulez-in-luzern\/","title":{"rendered":"Gedenkkonzert f\u00fcr Pierre Boulez in Luzern"},"content":{"rendered":"<p><span style=\"font-family: arial,helvetica,sans-serif; font-size: small;\">02.02.2016 &#8212; In Erinnerung an Pierre Boulez, der am 5. Januar verstorben ist, veranstaltet Lucerne Festival im Rahmen seines Oster-Festivals am 20. M\u00e4rz ein Gedenkkonzert. Das Programm gestaltet ein Alumni-Orchester der Lucerne Festival Academy.<\/span><\/p>\n<p><span style=\"font-family: arial,helvetica,sans-serif; font-size: small;\"><strong>02.02.2016 &#8212; In Erinnerung an Pierre Boulez, der am 5. Januar verstorben ist, veranstaltet Lucerne Festival im Rahmen seines Oster-Festivals am 20. M\u00e4rz ein Gedenkkonzert. Das Programm gestaltet ein Alumni-Orchester der Lucerne Festival Academy.<\/strong><\/span><\/p>\n<p>\u00a0<\/p>\n<p><span style=\"font-family: arial,helvetica,sans-serif; font-size: small;\">Die jungen Musiker, die in den Jahren zwischen 2004 und 2015 an der von Pierre Boulez und Michael Haefliger gegr\u00fcndeten Akademie in Luzern teilgenommen haben, reisen speziell f\u00fcr dieses Konzert aus Europa, Asien, USA und S\u00fcdamerika an. Dirigent ist der Principal Conductor der Akademie, Matthias Pintscher.<\/span><\/p>\n<p>\u00a0<\/p>\n<p align=\"left\"><span style=\"font-family: arial,helvetica,sans-serif; font-size: small;\">Am Anfang und am Ende des Programms steht jeweils ein Werk von Pierre Boulez: Das Alumni-Orchester der Lucerne Festival Academy spielt zun\u00e4chst <em>Don <\/em><em>aus<\/em> <em>Pli selon pli. Portrait de Mallarm\u00e9 <\/em>f\u00fcr Sopran und Orchester, Solistin ist die Sopranistin Yeree Suh. Es folgt eine Rede von Wolfgang Rihm, dem neuen k\u00fcnstlerischen Leiter der Akademie. Im Anschluss erklingen Alban Bergs <em>Drei Orchesterst\u00fccke<\/em> op. 6 und Igor Strawinskys <em>Sacre du Printemps<\/em>, den Abschluss des Konzerts bildet Boulez\u2018 Werk <em>M\u00e9moriale (\u2026explosante-fixe\u2026 Originel<\/em><em>), eine Trauermusik<\/em>f\u00fcr Fl\u00f6te und acht Instrumente. <\/span><\/p>\n<p align=\"left\"><span style=\"font-family: arial,helvetica,sans-serif; font-size: small;\"><em>\u00a0<\/em><\/span><\/p>\n<p><span style=\"font-family: arial,helvetica,sans-serif; font-size: small;\">Karten f\u00fcr das Konzert sind ab sofort unter <a href=\"http:\/\/www.lucernefestival.ch\">www.lucernefestival.ch<\/a> und telefonisch unter Tel +41 41 2264480 buchbar. Der Einheitspreis betr\u00e4gt 50 Franken, der Erl\u00f6s kommt der Lucerne Festival Academy zugute. <em>(cf)<\/em><\/span><\/p>\n<p>\u00a0<\/p>\n","protected":false},"excerpt":{"rendered":"<p><span style=\"font-family: arial,helvetica,sans-serif; font-size: small;\">02.02.2016 &#8212; In Erinnerung an Pierre Boulez, der am 5. Januar verstorben ist, veranstaltet Lucerne Festival im Rahmen seines Oster-Festivals am 20. M\u00e4rz ein Gedenkkonzert. Das Programm gestaltet ein Alumni-Orchester der Lucerne Festival Academy.<\/span><\/p>\n","protected":false},"author":1,"featured_media":0,"comment_status":"open","ping_status":"open","sticky":false,"template":"","format":"standard","meta":{"footnotes":""},"categories":[2],"tags":[],"class_list":["post-2751","post","type-post","status-publish","format-standard","hentry","category-nachrichten","entry"],"_links":{"self":[{"href":"https:\/\/codexflores.ch\/index.php\/wp-json\/wp\/v2\/posts\/2751","targetHints":{"allow":["GET"]}}],"collection":[{"href":"https:\/\/codexflores.ch\/index.php\/wp-json\/wp\/v2\/posts"}],"about":[{"href":"https:\/\/codexflores.ch\/index.php\/wp-json\/wp\/v2\/types\/post"}],"author":[{"embeddable":true,"href":"https:\/\/codexflores.ch\/index.php\/wp-json\/wp\/v2\/users\/1"}],"replies":[{"embeddable":true,"href":"https:\/\/codexflores.ch\/index.php\/wp-json\/wp\/v2\/comments?post=2751"}],"version-history":[{"count":0,"href":"https:\/\/codexflores.ch\/index.php\/wp-json\/wp\/v2\/posts\/2751\/revisions"}],"wp:attachment":[{"href":"https:\/\/codexflores.ch\/index.php\/wp-json\/wp\/v2\/media?parent=2751"}],"wp:term":[{"taxonomy":"category","embeddable":true,"href":"https:\/\/codexflores.ch\/index.php\/wp-json\/wp\/v2\/categories?post=2751"},{"taxonomy":"post_tag","embeddable":true,"href":"https:\/\/codexflores.ch\/index.php\/wp-json\/wp\/v2\/tags?post=2751"}],"curies":[{"name":"wp","href":"https:\/\/api.w.org\/{rel}","templated":true}]}}