{"id":2757,"date":"2016-02-05T06:55:52","date_gmt":"2016-02-05T06:55:52","guid":{"rendered":"https:\/\/codexflores.ch\/index.php\/2016\/02\/05\/riccardo-muti-in-ravenna-operiert\/"},"modified":"2016-02-05T06:55:52","modified_gmt":"2016-02-05T06:55:52","slug":"riccardo-muti-in-ravenna-operiert","status":"publish","type":"post","link":"https:\/\/codexflores.ch\/index.php\/2016\/02\/05\/riccardo-muti-in-ravenna-operiert\/","title":{"rendered":"Riccardo Muti in Ravenna operiert"},"content":{"rendered":"<p><span style=\"font-family: arial,helvetica,sans-serif; font-size: small;\">05.02.2016 &#8212; Der Dirigent Riccardo Muti ist laut intalienischen Pressemeldungen in seiner Wohnung in Ravenna gest\u00fcrzt und in einem lokalen Krankenhaus operiert worden.<\/span><\/p>\n<p><span style=\"font-family: arial,helvetica,sans-serif; font-size: small;\"><strong>05.02.2016 &#8212; Der Dirigent Riccardo Muti ist laut intalienischen Pressemeldungen in seiner Wohnung in Ravenna gest\u00fcrzt und in einem lokalen Krankenhaus operiert worden.<\/strong><\/span><\/p>\n<p>\u00a0<\/p>\n<p><span style=\"font-family: arial,helvetica,sans-serif; font-size: small;\">Muti, der von einer China-Tournee zur\u00fcckgekehrt war, musste wegen des Zwischenfalls, der eine H\u00fcftgelenkfraktur zur Folge hatte, alle laufenden Termine absagen. Nach der Operation steht f\u00fcr ihn vorl\u00e4ufig Rehabilitation auf dem Terminplan. <\/span><\/p>\n<p>\u00a0<\/p>\n<p><span style=\"font-family: arial,helvetica,sans-serif; font-size: small;\">Der 74-j\u00e4hrige Muti hatte bereits fr\u00fcher mit Unf\u00e4llen zu k\u00e4mpfen. Im Februar 2011 kollabierte er w\u00e4hrend einer Probe und brach sich den Kiefer. <em>(cf)<\/em><\/span><\/p>\n<p>\u00a0<\/p>\n","protected":false},"excerpt":{"rendered":"<p><span style=\"font-family: arial,helvetica,sans-serif; font-size: small;\">05.02.2016 &#8212; Der Dirigent Riccardo Muti ist laut intalienischen Pressemeldungen in seiner Wohnung in Ravenna gest\u00fcrzt und in einem lokalen Krankenhaus operiert worden.<\/span><\/p>\n","protected":false},"author":1,"featured_media":0,"comment_status":"open","ping_status":"open","sticky":false,"template":"","format":"standard","meta":{"footnotes":""},"categories":[2],"tags":[],"class_list":["post-2757","post","type-post","status-publish","format-standard","hentry","category-nachrichten","entry"],"_links":{"self":[{"href":"https:\/\/codexflores.ch\/index.php\/wp-json\/wp\/v2\/posts\/2757","targetHints":{"allow":["GET"]}}],"collection":[{"href":"https:\/\/codexflores.ch\/index.php\/wp-json\/wp\/v2\/posts"}],"about":[{"href":"https:\/\/codexflores.ch\/index.php\/wp-json\/wp\/v2\/types\/post"}],"author":[{"embeddable":true,"href":"https:\/\/codexflores.ch\/index.php\/wp-json\/wp\/v2\/users\/1"}],"replies":[{"embeddable":true,"href":"https:\/\/codexflores.ch\/index.php\/wp-json\/wp\/v2\/comments?post=2757"}],"version-history":[{"count":0,"href":"https:\/\/codexflores.ch\/index.php\/wp-json\/wp\/v2\/posts\/2757\/revisions"}],"wp:attachment":[{"href":"https:\/\/codexflores.ch\/index.php\/wp-json\/wp\/v2\/media?parent=2757"}],"wp:term":[{"taxonomy":"category","embeddable":true,"href":"https:\/\/codexflores.ch\/index.php\/wp-json\/wp\/v2\/categories?post=2757"},{"taxonomy":"post_tag","embeddable":true,"href":"https:\/\/codexflores.ch\/index.php\/wp-json\/wp\/v2\/tags?post=2757"}],"curies":[{"name":"wp","href":"https:\/\/api.w.org\/{rel}","templated":true}]}}