{"id":2761,"date":"2016-02-09T07:14:10","date_gmt":"2016-02-09T07:14:10","guid":{"rendered":"https:\/\/codexflores.ch\/index.php\/2016\/02\/09\/spuren-einer-idealen-zukunft\/"},"modified":"2016-02-09T07:14:10","modified_gmt":"2016-02-09T07:14:10","slug":"spuren-einer-idealen-zukunft","status":"publish","type":"post","link":"https:\/\/codexflores.ch\/index.php\/2016\/02\/09\/spuren-einer-idealen-zukunft\/","title":{"rendered":"Spuren einer idealen Zukunft"},"content":{"rendered":"<p><span style=\"font-family: arial,helvetica,sans-serif; font-size: small;\">09.02.2016 &#8212; Mit dem Projekt \u00abSpurensuche\u00bb geht das Netzwerk Neue Musik Baden-W\u00fcrttemberg \u00abF\u00e4hrten einer positiven gesellschaftlichen Zukunft\u00bb nach. Mit von der Partie sind sechs St\u00e4dte abseits der grossen Zentren.<\/span><\/p>\n<p><span style=\"font-family: arial,helvetica,sans-serif; font-size: small;\"><strong>09.02.2016 &#8212; Mit dem Projekt \u00abSpurensuche\u00bb geht das Netzwerk Neue Musik Baden-W\u00fcrttemberg \u00abF\u00e4hrten einer positiven gesellschaftlichen Zukunft\u00bb nach. Mit von der Partie sind sechs St\u00e4dte abseits der grossen Zentren.<\/strong><\/span><\/p>\n<p><span style=\"font-family: arial,helvetica,sans-serif; font-size: small;\">\u00a0<\/span><\/p>\n<p><span style=\"font-family: arial,helvetica,sans-serif; font-size: small;\">In Kooperation mit den Kultur\u00e4mtern vor Ort gehen das Netzwerk und die Bewohner der St\u00e4dte gemeinsam den M\u00f6glichkeiten positiver Zukunftsmodelle nach. \u00dcber einen gemeinsam festgelegten Zeitraum wird sich daf\u00fcr ein f\u00fcr den jeweiligen Ort ausgew\u00e4hlter Komponist\/Musikvermittler als \u00abStadtkomponist\u00bb mit den lokalen Besonderheiten der St\u00e4dte und ihrer Bewohner vertraut machen, um daraus gemeinsam mit Interessierten vor Ort ein musikalisches Projekt zu entwickeln.<\/span><\/p>\n<p><span style=\"font-family: arial,helvetica,sans-serif; font-size: small;\">\u00a0<\/span><\/p>\n<p><span style=\"font-family: arial,helvetica,sans-serif; font-size: small;\">Die Komponisten werden sich dann mit den Zukunftsvisionen und den vielleicht bereits sichtbaren Ans\u00e4tzen vor Ort in der musikalischen Sprache unserer Zeit auseinandersetzen.\u00a0Das Ergebnis wird mit Profi- und Laienmusikern, Ensembles, Schulen und Veranstaltern vor Ort vorbereitet und Anfang Oktober im Rahmen eines dreiw\u00f6chigen Grossprojekts pr\u00e4sentiert. <em>(cf)<\/em><\/span><\/p>\n","protected":false},"excerpt":{"rendered":"<p><span style=\"font-family: arial,helvetica,sans-serif; font-size: small;\">09.02.2016 &#8212; Mit dem Projekt \u00abSpurensuche\u00bb geht das Netzwerk Neue Musik Baden-W\u00fcrttemberg \u00abF\u00e4hrten einer positiven gesellschaftlichen Zukunft\u00bb nach. Mit von der Partie sind sechs St\u00e4dte abseits der grossen Zentren.<\/span><\/p>\n","protected":false},"author":1,"featured_media":0,"comment_status":"open","ping_status":"open","sticky":false,"template":"","format":"standard","meta":{"footnotes":""},"categories":[2],"tags":[],"class_list":["post-2761","post","type-post","status-publish","format-standard","hentry","category-nachrichten","entry"],"_links":{"self":[{"href":"https:\/\/codexflores.ch\/index.php\/wp-json\/wp\/v2\/posts\/2761","targetHints":{"allow":["GET"]}}],"collection":[{"href":"https:\/\/codexflores.ch\/index.php\/wp-json\/wp\/v2\/posts"}],"about":[{"href":"https:\/\/codexflores.ch\/index.php\/wp-json\/wp\/v2\/types\/post"}],"author":[{"embeddable":true,"href":"https:\/\/codexflores.ch\/index.php\/wp-json\/wp\/v2\/users\/1"}],"replies":[{"embeddable":true,"href":"https:\/\/codexflores.ch\/index.php\/wp-json\/wp\/v2\/comments?post=2761"}],"version-history":[{"count":0,"href":"https:\/\/codexflores.ch\/index.php\/wp-json\/wp\/v2\/posts\/2761\/revisions"}],"wp:attachment":[{"href":"https:\/\/codexflores.ch\/index.php\/wp-json\/wp\/v2\/media?parent=2761"}],"wp:term":[{"taxonomy":"category","embeddable":true,"href":"https:\/\/codexflores.ch\/index.php\/wp-json\/wp\/v2\/categories?post=2761"},{"taxonomy":"post_tag","embeddable":true,"href":"https:\/\/codexflores.ch\/index.php\/wp-json\/wp\/v2\/tags?post=2761"}],"curies":[{"name":"wp","href":"https:\/\/api.w.org\/{rel}","templated":true}]}}