{"id":2764,"date":"2016-02-10T07:09:14","date_gmt":"2016-02-10T07:09:14","guid":{"rendered":"https:\/\/codexflores.ch\/index.php\/2016\/02\/10\/nationaler-tag-der-musik-2016-in-der-schweiz\/"},"modified":"2016-02-10T07:09:14","modified_gmt":"2016-02-10T07:09:14","slug":"nationaler-tag-der-musik-2016-in-der-schweiz","status":"publish","type":"post","link":"https:\/\/codexflores.ch\/index.php\/2016\/02\/10\/nationaler-tag-der-musik-2016-in-der-schweiz\/","title":{"rendered":"Nationaler Tag der Musik 2016 in der Schweiz"},"content":{"rendered":"<p><span style=\"font-family: arial,helvetica,sans-serif; font-size: small;\">10.02.2016 &#8212; 2015 hat der Schweizer Musikrat (SMR) zum ersten Mal einen nationalen Tag der Musik organisiert. Auch dieses Jahr soll ein solcher stattfinden. Am 21. Juni sind lokale Veranstaltungen geplant.<\/span><\/p>\n<p><span style=\"font-family: arial,helvetica,sans-serif; font-size: small;\"><strong>10.02.2016 &#8212; 2015 hat der Schweizer Musikrat (SMR) zum ersten Mal einen nationalen Tag der Musik organisiert. Auch dieses Jahr soll ein solcher stattfinden. Am 21. Juni sind lokale Veranstaltungen geplant.<\/strong> <\/span><\/p>\n<p>\u00a0<\/p>\n<p><span style=\"font-family: arial,helvetica,sans-serif; font-size: small;\">H\u00f6hepunkt des Tages der Musik soll ein Open-air-Abschlusskonzert mit Schweizer Musikgr\u00f6ssen verschiedener Richtungen auf dem Bundeshausplatz in Bern werden.<\/span><\/p>\n<p><span style=\"font-family: arial,helvetica,sans-serif; font-size: small;\">\u00a0<\/span><\/p>\n<p><span style=\"font-family: arial,helvetica,sans-serif; font-size: small;\">Um Musik f\u00fcr alle erlebbar zu machen, fordert der Schweizer Musikrat alle auf, die in irgendeiner Art und Weise mit Musik zu tun haben, am 21. Juni 2016 aktiv zu werden. Unter dem Label \u00abTag der Musik\u00bb k\u00f6nnen Konzerte auf dem Dorfplatz, Vereinsfeste f\u00fcr Mitglieder und Fans, ein Tag der Offenen T\u00fcr eines Notengesch\u00e4fts, eine spontane Feier f\u00fcr Freunde und Bekannte und vieles mehr realisiert werden.<em> (cf)<\/em><\/span><\/p>\n<p>\u00a0<\/p>\n<p>\u00a0<\/p>\n<p>\u00a0<\/p>\n","protected":false},"excerpt":{"rendered":"<p><span style=\"font-family: arial,helvetica,sans-serif; font-size: small;\">10.02.2016 &#8212; 2015 hat der Schweizer Musikrat (SMR) zum ersten Mal einen nationalen Tag der Musik organisiert. Auch dieses Jahr soll ein solcher stattfinden. Am 21. Juni sind lokale Veranstaltungen geplant.<\/span><\/p>\n","protected":false},"author":1,"featured_media":0,"comment_status":"open","ping_status":"open","sticky":false,"template":"","format":"standard","meta":{"footnotes":""},"categories":[2],"tags":[],"class_list":["post-2764","post","type-post","status-publish","format-standard","hentry","category-nachrichten","entry"],"_links":{"self":[{"href":"https:\/\/codexflores.ch\/index.php\/wp-json\/wp\/v2\/posts\/2764","targetHints":{"allow":["GET"]}}],"collection":[{"href":"https:\/\/codexflores.ch\/index.php\/wp-json\/wp\/v2\/posts"}],"about":[{"href":"https:\/\/codexflores.ch\/index.php\/wp-json\/wp\/v2\/types\/post"}],"author":[{"embeddable":true,"href":"https:\/\/codexflores.ch\/index.php\/wp-json\/wp\/v2\/users\/1"}],"replies":[{"embeddable":true,"href":"https:\/\/codexflores.ch\/index.php\/wp-json\/wp\/v2\/comments?post=2764"}],"version-history":[{"count":0,"href":"https:\/\/codexflores.ch\/index.php\/wp-json\/wp\/v2\/posts\/2764\/revisions"}],"wp:attachment":[{"href":"https:\/\/codexflores.ch\/index.php\/wp-json\/wp\/v2\/media?parent=2764"}],"wp:term":[{"taxonomy":"category","embeddable":true,"href":"https:\/\/codexflores.ch\/index.php\/wp-json\/wp\/v2\/categories?post=2764"},{"taxonomy":"post_tag","embeddable":true,"href":"https:\/\/codexflores.ch\/index.php\/wp-json\/wp\/v2\/tags?post=2764"}],"curies":[{"name":"wp","href":"https:\/\/api.w.org\/{rel}","templated":true}]}}