{"id":2766,"date":"2016-02-11T07:35:42","date_gmt":"2016-02-11T07:35:42","guid":{"rendered":"https:\/\/codexflores.ch\/index.php\/2016\/02\/11\/genfer-oper-bezieht-provisorische-spielstaette\/"},"modified":"2016-02-11T07:35:42","modified_gmt":"2016-02-11T07:35:42","slug":"genfer-oper-bezieht-provisorische-spielstaette","status":"publish","type":"post","link":"https:\/\/codexflores.ch\/index.php\/2016\/02\/11\/genfer-oper-bezieht-provisorische-spielstaette\/","title":{"rendered":"Genfer Oper bezieht provisorische Spielst\u00e4tte"},"content":{"rendered":"<p><span style=\"font-family: arial,helvetica,sans-serif; font-size: small;\">11.02.2016 &#8212; Das Grand Th\u00e9\u00e2tre de Gen\u00e8ve weiht die \u00abOp\u00e9ra des Nations\u00bb ein, die ihr w\u00e4hrend zweieinhalbj\u00e4hrigen Renovierungsarbeiten im angestammten Haus an der Place de Neuve als Ausweichspielst\u00e4tte dient. Dazu pr\u00e4sentiert das Genfer Opernhaus eine Neuproduktion von Georg Friedrich H\u00e4ndels <em>Alcina<\/em>.<\/span><\/p>\n<p><span style=\"font-family: arial,helvetica,sans-serif; font-size: small;\"><strong>11.02.2016 &#8212; Das Grand Th\u00e9\u00e2tre de Gen\u00e8ve weiht die \u00abOp\u00e9ra des Nations\u00bb ein, die ihr w\u00e4hrend zweieinhalbj\u00e4hrigen Renovierungsarbeiten im angestammten Haus an der Place de Neuve als Ausweichspielst\u00e4tte dient. Dazu pr\u00e4sentiert das Genfer Opernhaus eine Neuproduktion von Georg Friedrich H\u00e4ndels <em>Alcina<\/em>.<\/strong><\/span><\/p>\n<p>\u00a0<\/p>\n<p><span style=\"font-family: arial,helvetica,sans-serif; font-size: small;\">Beim provisorischen Theaterbau handelt es sich um eine aus vorfabrizierten Einzelteilen errichtete Holzkonstruktion im Parc Rigot nahe des Uno-Gel\u00e4ndes. Daf\u00fcr hat das Grand Th\u00e9\u00e2tre de Gen\u00e8ve die Bauteile des Th\u00e9\u00e2tre \u00c9ph\u00e9m\u00e8re der Com\u00e9die-Fran\u00e7aise gekauft und an die Anforderungen eines Opernhauses angepasst. Unter anderem wurde die Gr\u00f6sse auf 400 Pl\u00e4tze und ein zus\u00e4tzlicher Orchestergraben eingebaut.<\/span><\/p>\n<p><span style=\"font-family: arial,helvetica,sans-serif; font-size: small;\">\u00a0<\/span><\/p>\n<p><span style=\"font-family: arial,helvetica,sans-serif; font-size: small;\">Bedingung f\u00fcr die Errichtung der Op\u00e9ra des Nations im Parc Rigot war, dass sie nach zweieinhalb Jahren komplett &#8211; ohne Spuren zu hinterlassen &#8211; wieder abgebaut werden k\u00f6nnen sollte. Dies ist durch die Modulbauweise und die ausschliessliche Verwendung von Holz inklusive der Fundamente gegeben. <em>(cf)<\/em><\/span><\/p>\n","protected":false},"excerpt":{"rendered":"<p><span style=\"font-family: arial,helvetica,sans-serif; font-size: small;\">11.02.2016 &#8212; Das Grand Th\u00e9\u00e2tre de Gen\u00e8ve weiht die \u00abOp\u00e9ra des Nations\u00bb ein, die ihr w\u00e4hrend zweieinhalbj\u00e4hrigen Renovierungsarbeiten im angestammten Haus an der Place de Neuve als Ausweichspielst\u00e4tte dient. Dazu pr\u00e4sentiert das Genfer Opernhaus eine Neuproduktion von Georg Friedrich H\u00e4ndels <em>Alcina<\/em>.<\/span><\/p>\n","protected":false},"author":1,"featured_media":0,"comment_status":"open","ping_status":"open","sticky":false,"template":"","format":"standard","meta":{"footnotes":""},"categories":[2],"tags":[],"class_list":["post-2766","post","type-post","status-publish","format-standard","hentry","category-nachrichten","entry"],"_links":{"self":[{"href":"https:\/\/codexflores.ch\/index.php\/wp-json\/wp\/v2\/posts\/2766","targetHints":{"allow":["GET"]}}],"collection":[{"href":"https:\/\/codexflores.ch\/index.php\/wp-json\/wp\/v2\/posts"}],"about":[{"href":"https:\/\/codexflores.ch\/index.php\/wp-json\/wp\/v2\/types\/post"}],"author":[{"embeddable":true,"href":"https:\/\/codexflores.ch\/index.php\/wp-json\/wp\/v2\/users\/1"}],"replies":[{"embeddable":true,"href":"https:\/\/codexflores.ch\/index.php\/wp-json\/wp\/v2\/comments?post=2766"}],"version-history":[{"count":0,"href":"https:\/\/codexflores.ch\/index.php\/wp-json\/wp\/v2\/posts\/2766\/revisions"}],"wp:attachment":[{"href":"https:\/\/codexflores.ch\/index.php\/wp-json\/wp\/v2\/media?parent=2766"}],"wp:term":[{"taxonomy":"category","embeddable":true,"href":"https:\/\/codexflores.ch\/index.php\/wp-json\/wp\/v2\/categories?post=2766"},{"taxonomy":"post_tag","embeddable":true,"href":"https:\/\/codexflores.ch\/index.php\/wp-json\/wp\/v2\/tags?post=2766"}],"curies":[{"name":"wp","href":"https:\/\/api.w.org\/{rel}","templated":true}]}}