{"id":2768,"date":"2016-02-12T07:00:41","date_gmt":"2016-02-12T07:00:41","guid":{"rendered":"https:\/\/codexflores.ch\/index.php\/2016\/02\/12\/tod-des-musikwissenschaftlers-detlef-altenburg\/"},"modified":"2016-02-12T07:00:41","modified_gmt":"2016-02-12T07:00:41","slug":"tod-des-musikwissenschaftlers-detlef-altenburg","status":"publish","type":"post","link":"https:\/\/codexflores.ch\/index.php\/2016\/02\/12\/tod-des-musikwissenschaftlers-detlef-altenburg\/","title":{"rendered":"Tod des Musikwissenschaftlers Detlef Altenburg"},"content":{"rendered":"<p><span style=\"font-family: arial,helvetica,sans-serif; font-size: small;\">12.02.2016 &#8212; Die Hochschule f\u00fcr Musik Franz Liszt Weimar vermeldet den Tod des Musikwissenschaftler und langj\u00e4hrigen Institutsdirektor Detlef Altenburg. Er ist in Regensburg, nur wenige Wochen nach seinem 69. Geburtstag \u00fcberraschend verstorben.<\/span><\/p>\n<p><span style=\"font-family: arial,helvetica,sans-serif; font-size: small;\"><strong>12.02.2016 &#8212; Die Hochschule f\u00fcr Musik Franz Liszt Weimar vermeldet den Tod des Musikwissenschaftler und langj\u00e4hrigen Institutsdirektor Detlef Altenburg. Er ist in Regensburg, nur wenige Wochen nach seinem 69. Geburtstag \u00fcberraschend verstorben.<\/strong><\/span><\/p>\n<p><span style=\"font-family: arial,helvetica,sans-serif; font-size: small;\">\u00a0<\/span><\/p>\n<p><span style=\"font-family: arial,helvetica,sans-serif; font-size: small;\">Der geb\u00fcrtige Nordhesse <span style=\"font-family: arial,helvetica,sans-serif; font-size: small;\">Altenburg<\/span> war bis zu seinem Ruhestand Direktor des Instituts f\u00fcr Musikwissenschaft Weimar-Jena. Zuvor hatte er akademische Positionen in K\u00f6ln, Lissabon, Detmold und Regensburg inne. <\/span><\/p>\n<p>\u00a0<\/p>\n<p><span style=\"font-family: arial,helvetica,sans-serif; font-size: small;\">Geboren 1947 in Bad Hersfeld, z\u00e4hlte Altenburg zu den wichtigsten deutschen Musikwissenschaftlern: Er war von 1985 bis 1989 verantwortlicher Redakteur der Zeitschrift \u00abDie Musikforschung\u00bb, von 2001 bis 2009 Pr\u00e4sident der Gesellschaft f\u00fcr Musikforschung und von 2003 bis 2009 Mitglied im Pr\u00e4sidium des Deutschen Musikrates.\u00a0 <em>(cf)<\/em><\/span><\/p>\n<p>\u00a0<\/p>\n","protected":false},"excerpt":{"rendered":"<p><span style=\"font-family: arial,helvetica,sans-serif; font-size: small;\">12.02.2016 &#8212; Die Hochschule f\u00fcr Musik Franz Liszt Weimar vermeldet den Tod des Musikwissenschaftler und langj\u00e4hrigen Institutsdirektor Detlef Altenburg. Er ist in Regensburg, nur wenige Wochen nach seinem 69. Geburtstag \u00fcberraschend verstorben.<\/span><\/p>\n","protected":false},"author":1,"featured_media":0,"comment_status":"open","ping_status":"open","sticky":false,"template":"","format":"standard","meta":{"footnotes":""},"categories":[2],"tags":[],"class_list":["post-2768","post","type-post","status-publish","format-standard","hentry","category-nachrichten","entry"],"_links":{"self":[{"href":"https:\/\/codexflores.ch\/index.php\/wp-json\/wp\/v2\/posts\/2768","targetHints":{"allow":["GET"]}}],"collection":[{"href":"https:\/\/codexflores.ch\/index.php\/wp-json\/wp\/v2\/posts"}],"about":[{"href":"https:\/\/codexflores.ch\/index.php\/wp-json\/wp\/v2\/types\/post"}],"author":[{"embeddable":true,"href":"https:\/\/codexflores.ch\/index.php\/wp-json\/wp\/v2\/users\/1"}],"replies":[{"embeddable":true,"href":"https:\/\/codexflores.ch\/index.php\/wp-json\/wp\/v2\/comments?post=2768"}],"version-history":[{"count":0,"href":"https:\/\/codexflores.ch\/index.php\/wp-json\/wp\/v2\/posts\/2768\/revisions"}],"wp:attachment":[{"href":"https:\/\/codexflores.ch\/index.php\/wp-json\/wp\/v2\/media?parent=2768"}],"wp:term":[{"taxonomy":"category","embeddable":true,"href":"https:\/\/codexflores.ch\/index.php\/wp-json\/wp\/v2\/categories?post=2768"},{"taxonomy":"post_tag","embeddable":true,"href":"https:\/\/codexflores.ch\/index.php\/wp-json\/wp\/v2\/tags?post=2768"}],"curies":[{"name":"wp","href":"https:\/\/api.w.org\/{rel}","templated":true}]}}