{"id":2775,"date":"2016-02-18T07:08:43","date_gmt":"2016-02-18T07:08:43","guid":{"rendered":"https:\/\/codexflores.ch\/index.php\/2016\/02\/18\/zukunft-des-danish-national-chamber-orchestra-gesichert\/"},"modified":"2016-02-18T07:08:43","modified_gmt":"2016-02-18T07:08:43","slug":"zukunft-des-danish-national-chamber-orchestra-gesichert","status":"publish","type":"post","link":"https:\/\/codexflores.ch\/index.php\/2016\/02\/18\/zukunft-des-danish-national-chamber-orchestra-gesichert\/","title":{"rendered":"Zukunft des Danish National Chamber Orchestra gesichert"},"content":{"rendered":"<p><span style=\"font-family: arial,helvetica,sans-serif; font-size: small;\">18.02.2016 &#8212; Das in seiner Existenz gef\u00e4hrdete Nationale D\u00e4nische Kammerorchester lebt dank Zuwendungen dreier d\u00e4nischer Stiftungen \u2013 zumindest projektbezogen \u2013 weiter und plant mit seinem Chefdirigenten Adam Fischer einen Beethoven-Sinfonien-Zyklus.<\/span><\/p>\n<p><span style=\"font-family: arial,helvetica,sans-serif; font-size: small;\"><strong>18.02.2016 &#8212; Das in seiner Existenz gef\u00e4hrdete Nationale D\u00e4nische Kammerorchester lebt dank Zuwendungen dreier d\u00e4nischer Stiftungen \u2013 zumindest projektbezogen \u2013 weiter und plant mit seinem Chefdirigenten Adam Fischer einen Beethoven-Sinfonien-Zyklus.<\/strong><\/span><\/p>\n<p><span style=\"font-family: arial,helvetica,sans-serif; font-size: small;\">\u00a0<\/span><\/p>\n<p><span style=\"font-family: arial,helvetica,sans-serif; font-size: small;\">Der Zyklus soll ab Ende Februar mit Start in Kopenhagen \u00fcber drei Jahre realisiert werden. Er umfasst Konzerte und Tontr\u00e4ger. Das Orchester umschreibt das Projekt als Ausdruck der Realit\u00e4ten, die mit den Bem\u00fchungen verbunden sind, den Wandel zu einem privat finanzierten Klangk\u00f6rper zu vollziehen.<\/span><\/p>\n<p><span style=\"font-family: arial,helvetica,sans-serif; font-size: small;\">\u00a0<\/span><\/p>\n<p><span style=\"font-family: arial,helvetica,sans-serif; font-size: small;\">Finanziell engagiert haben sich die Stiftungen A. P. M\u00f8ller Fonden, Louis-Hansen Fonden und Augustinus Fonden. Neben dem Beethovenzyklus erm\u00f6glichen sie auch Musikvermittlungsprojekte und einen Schubert-Schwerpunkt.<\/span><\/p>\n<p><span style=\"font-family: arial,helvetica,sans-serif; font-size: small;\">\u00a0<\/span><\/p>\n<p><span style=\"font-family: arial,helvetica,sans-serif; font-size: small;\">Bislang verf\u00fcgte das Orchester \u00fcber 42 feste Stellen. In der neuen Struktur werden die Musiker, die bei andern Orchestern fest angestellt sind, bloss noch projektbezogen engagiert. <em>(cf)<\/em><\/span><\/p>\n","protected":false},"excerpt":{"rendered":"<p><span style=\"font-family: arial,helvetica,sans-serif; font-size: small;\">18.02.2016 &#8212; Das in seiner Existenz gef\u00e4hrdete Nationale D\u00e4nische Kammerorchester lebt dank Zuwendungen dreier d\u00e4nischer Stiftungen \u2013 zumindest projektbezogen \u2013 weiter und plant mit seinem Chefdirigenten Adam Fischer einen Beethoven-Sinfonien-Zyklus.<\/span><\/p>\n","protected":false},"author":1,"featured_media":0,"comment_status":"open","ping_status":"open","sticky":false,"template":"","format":"standard","meta":{"footnotes":""},"categories":[2],"tags":[],"class_list":["post-2775","post","type-post","status-publish","format-standard","hentry","category-nachrichten","entry"],"_links":{"self":[{"href":"https:\/\/codexflores.ch\/index.php\/wp-json\/wp\/v2\/posts\/2775","targetHints":{"allow":["GET"]}}],"collection":[{"href":"https:\/\/codexflores.ch\/index.php\/wp-json\/wp\/v2\/posts"}],"about":[{"href":"https:\/\/codexflores.ch\/index.php\/wp-json\/wp\/v2\/types\/post"}],"author":[{"embeddable":true,"href":"https:\/\/codexflores.ch\/index.php\/wp-json\/wp\/v2\/users\/1"}],"replies":[{"embeddable":true,"href":"https:\/\/codexflores.ch\/index.php\/wp-json\/wp\/v2\/comments?post=2775"}],"version-history":[{"count":0,"href":"https:\/\/codexflores.ch\/index.php\/wp-json\/wp\/v2\/posts\/2775\/revisions"}],"wp:attachment":[{"href":"https:\/\/codexflores.ch\/index.php\/wp-json\/wp\/v2\/media?parent=2775"}],"wp:term":[{"taxonomy":"category","embeddable":true,"href":"https:\/\/codexflores.ch\/index.php\/wp-json\/wp\/v2\/categories?post=2775"},{"taxonomy":"post_tag","embeddable":true,"href":"https:\/\/codexflores.ch\/index.php\/wp-json\/wp\/v2\/tags?post=2775"}],"curies":[{"name":"wp","href":"https:\/\/api.w.org\/{rel}","templated":true}]}}