{"id":2781,"date":"2016-02-23T06:51:27","date_gmt":"2016-02-23T06:51:27","guid":{"rendered":"https:\/\/codexflores.ch\/index.php\/2016\/02\/23\/studierende-entwickeln-oper-mit-fluechtlingen\/"},"modified":"2016-02-23T06:51:27","modified_gmt":"2016-02-23T06:51:27","slug":"studierende-entwickeln-oper-mit-fluechtlingen","status":"publish","type":"post","link":"https:\/\/codexflores.ch\/index.php\/2016\/02\/23\/studierende-entwickeln-oper-mit-fluechtlingen\/","title":{"rendered":"Studierende entwickeln Oper mit Fl\u00fcchtlingen"},"content":{"rendered":"<p><span style=\"font-family: arial,helvetica,sans-serif; font-size: small;\">23.02.2016 &#8212; Frankfurter Studierende haben gemeinsam mit jungen Fl\u00fcchtlingen eine eigene Oper entworfen \u2013 ein St\u00fcck nach der Vorlage von Engelbert Humperdincks \u00abH\u00e4nsel und Gretel\u00bb.<\/span><\/p>\n<p><span style=\"font-family: arial,helvetica,sans-serif; font-size: small;\"><strong>23.02.2016 &#8212; Frankfurter Studierende haben gemeinsam mit jungen Fl\u00fcchtlingen eine eigene Oper entworfen \u2013 ein St\u00fcck nach der Vorlage von Engelbert Humperdincks \u00abH\u00e4nsel und Gretel\u00bb.<\/strong><\/span><\/p>\n<p><span style=\"font-family: arial,helvetica,sans-serif; font-size: small;\">\u00a0<\/span><\/p>\n<p><span style=\"font-family: arial,helvetica,sans-serif; font-size: small;\">In das Projekt involviert sind Studierende des Studiengangs Soziale Arbeit, Schwerpunkt Kultur und Medien, der Frankfurt University of Applied Sciences (Frankfurt UAS) und Studierende der Hochschule f\u00fcr Musik und Darstellende Kunst sowie junge Fl\u00fcchtlinge. Die 50 Teilnehmenden schrieben, komponierten und inszenierten das St\u00fcck unter der Leitung von Maja Wolff, Timo Becker und Charlotte Armah.<\/span><\/p>\n<p><span style=\"font-family: arial,helvetica,sans-serif; font-size: small;\">\u00a0<\/span><\/p>\n<p><span style=\"font-family: arial,helvetica,sans-serif; font-size: small;\">Die B\u00fchne werde zu einem Rahmen f\u00fcr die Auseinandersetzung mit aktuellen Themen wie Transit, politische Verfolgung und Angst, schreibt die Frankfurt University of Applied Sciences. Kunst, Integration und kulturelle Bildung seien Teil dieses Projekts, bei dem sich Menschen aus den verschiedensten L\u00e4ndern begegnen und ihre gemeinsam geschaffene Kunst auf die B\u00fchne bringen. <em>(cf)<\/em><\/span><\/p>\n<p>\u00a0<\/p>\n<p><span style=\"font-family: arial,helvetica,sans-serif; font-size: small;\"><strong>Mehr Infos:<\/strong> <a href=\"http:\/\/www.art-q.net\" target=\"_new\" rel=\"noopener noreferrer\">www.art-q.net<\/a><\/span><\/p>\n","protected":false},"excerpt":{"rendered":"<p><span style=\"font-family: arial,helvetica,sans-serif; font-size: small;\">23.02.2016 &#8212; Frankfurter Studierende haben gemeinsam mit jungen Fl\u00fcchtlingen eine eigene Oper entworfen \u2013 ein St\u00fcck nach der Vorlage von Engelbert Humperdincks \u00abH\u00e4nsel und Gretel\u00bb.<\/span><\/p>\n","protected":false},"author":1,"featured_media":0,"comment_status":"open","ping_status":"open","sticky":false,"template":"","format":"standard","meta":{"footnotes":""},"categories":[2],"tags":[],"class_list":["post-2781","post","type-post","status-publish","format-standard","hentry","category-nachrichten","entry"],"_links":{"self":[{"href":"https:\/\/codexflores.ch\/index.php\/wp-json\/wp\/v2\/posts\/2781","targetHints":{"allow":["GET"]}}],"collection":[{"href":"https:\/\/codexflores.ch\/index.php\/wp-json\/wp\/v2\/posts"}],"about":[{"href":"https:\/\/codexflores.ch\/index.php\/wp-json\/wp\/v2\/types\/post"}],"author":[{"embeddable":true,"href":"https:\/\/codexflores.ch\/index.php\/wp-json\/wp\/v2\/users\/1"}],"replies":[{"embeddable":true,"href":"https:\/\/codexflores.ch\/index.php\/wp-json\/wp\/v2\/comments?post=2781"}],"version-history":[{"count":0,"href":"https:\/\/codexflores.ch\/index.php\/wp-json\/wp\/v2\/posts\/2781\/revisions"}],"wp:attachment":[{"href":"https:\/\/codexflores.ch\/index.php\/wp-json\/wp\/v2\/media?parent=2781"}],"wp:term":[{"taxonomy":"category","embeddable":true,"href":"https:\/\/codexflores.ch\/index.php\/wp-json\/wp\/v2\/categories?post=2781"},{"taxonomy":"post_tag","embeddable":true,"href":"https:\/\/codexflores.ch\/index.php\/wp-json\/wp\/v2\/tags?post=2781"}],"curies":[{"name":"wp","href":"https:\/\/api.w.org\/{rel}","templated":true}]}}