{"id":2782,"date":"2016-02-23T07:14:57","date_gmt":"2016-02-23T07:14:57","guid":{"rendered":"https:\/\/codexflores.ch\/index.php\/2016\/02\/23\/birigt-meyers-vertrag-in-koeln-verlaengert\/"},"modified":"2016-02-23T07:14:57","modified_gmt":"2016-02-23T07:14:57","slug":"birigt-meyers-vertrag-in-koeln-verlaengert","status":"publish","type":"post","link":"https:\/\/codexflores.ch\/index.php\/2016\/02\/23\/birigt-meyers-vertrag-in-koeln-verlaengert\/","title":{"rendered":"Birigt Meyers Vertrag in K\u00f6ln verl\u00e4ngert"},"content":{"rendered":"<p><span style=\"font-family: arial,helvetica,sans-serif; font-size: small;\">23.02.2016 &#8212; Die Stadt K\u00f6ln verl\u00e4ngert den Vertrag mit Birgit Meyer als Opernintendantin der B\u00fchnen der Stadt bis mindestens Ende August 2020.<\/span><\/p>\n<p><span style=\"font-family: arial,helvetica,sans-serif; font-size: small;\"><strong>23.02.2016 &#8212; Die Stadt K\u00f6ln verl\u00e4ngert den Vertrag mit Birgit Meyer als Opernintendantin der B\u00fchnen der Stadt bis mindestens Ende August 2020.<\/strong><\/span><\/p>\n<p>\u00a0<\/p>\n<p><span style=\"font-family: arial,helvetica,sans-serif; font-size: small;\">Die Laufzeit des Vertrags ist abh\u00e4ngig vom Gang der Dinge der Renovationsarbeiten im Stammhaus der K\u00f6lner Oper: Laut der Mitteilung der Stadt sollen im Rahmen dieser Laufzeit zwei volle Spielzeiten im sanierten Haus am Offenbachplatz realisiert werden k\u00f6nnen. Sollte dies der Fall sein, verl\u00e4ngere sich der Vertrag automatisch um zwei Jahre, falls nicht eine der Parteien bis zum 30. Juni 2018 schriftlich widerspreche.<\/span><\/p>\n<p><span style=\"font-family: arial,helvetica,sans-serif; font-size: small;\"> \u00a0<\/span><\/p>\n<p><span style=\"font-family: arial,helvetica,sans-serif; font-size: small;\">Falls zwei volle Spielzeiten im sanierten HausIst nicht realisiert werden k\u00f6nnen, so verl\u00e4ngert sich der Vertrag automatisch bis zum 31. August des Jahres, in dem die zweite volle Spielzeit im sanierten Haus realisiert worden ist, l\u00e4ngstens jedoch bis zum 31. August 2022. <em>(cf)<\/em><\/span><\/p>\n<p>\u00a0<\/p>\n<p>\u00a0<\/p>\n","protected":false},"excerpt":{"rendered":"<p><span style=\"font-family: arial,helvetica,sans-serif; font-size: small;\">23.02.2016 &#8212; Die Stadt K\u00f6ln verl\u00e4ngert den Vertrag mit Birgit Meyer als Opernintendantin der B\u00fchnen der Stadt bis mindestens Ende August 2020.<\/span><\/p>\n","protected":false},"author":1,"featured_media":0,"comment_status":"open","ping_status":"open","sticky":false,"template":"","format":"standard","meta":{"footnotes":""},"categories":[2],"tags":[],"class_list":["post-2782","post","type-post","status-publish","format-standard","hentry","category-nachrichten","entry"],"_links":{"self":[{"href":"https:\/\/codexflores.ch\/index.php\/wp-json\/wp\/v2\/posts\/2782","targetHints":{"allow":["GET"]}}],"collection":[{"href":"https:\/\/codexflores.ch\/index.php\/wp-json\/wp\/v2\/posts"}],"about":[{"href":"https:\/\/codexflores.ch\/index.php\/wp-json\/wp\/v2\/types\/post"}],"author":[{"embeddable":true,"href":"https:\/\/codexflores.ch\/index.php\/wp-json\/wp\/v2\/users\/1"}],"replies":[{"embeddable":true,"href":"https:\/\/codexflores.ch\/index.php\/wp-json\/wp\/v2\/comments?post=2782"}],"version-history":[{"count":0,"href":"https:\/\/codexflores.ch\/index.php\/wp-json\/wp\/v2\/posts\/2782\/revisions"}],"wp:attachment":[{"href":"https:\/\/codexflores.ch\/index.php\/wp-json\/wp\/v2\/media?parent=2782"}],"wp:term":[{"taxonomy":"category","embeddable":true,"href":"https:\/\/codexflores.ch\/index.php\/wp-json\/wp\/v2\/categories?post=2782"},{"taxonomy":"post_tag","embeddable":true,"href":"https:\/\/codexflores.ch\/index.php\/wp-json\/wp\/v2\/tags?post=2782"}],"curies":[{"name":"wp","href":"https:\/\/api.w.org\/{rel}","templated":true}]}}