{"id":2784,"date":"2016-02-24T06:47:49","date_gmt":"2016-02-24T06:47:49","guid":{"rendered":"https:\/\/codexflores.ch\/index.php\/2016\/02\/24\/sommets-musicaux-de-gstaad-zeichnen-junge-pianisten-aus\/"},"modified":"2016-02-24T06:47:49","modified_gmt":"2016-02-24T06:47:49","slug":"sommets-musicaux-de-gstaad-zeichnen-junge-pianisten-aus","status":"publish","type":"post","link":"https:\/\/codexflores.ch\/index.php\/2016\/02\/24\/sommets-musicaux-de-gstaad-zeichnen-junge-pianisten-aus\/","title":{"rendered":"Sommets Musicaux de Gstaad zeichnen junge Pianisten aus"},"content":{"rendered":"<p><span style=\"font-family: arial,helvetica,sans-serif; font-size: small;\">24.02.2016 &#8212; Die 16. Ausgabe der Sommets Musicaux de Gstaad hat den 23-j\u00e4hrigen franz\u00f6sischen Pianisten Guillaume Bellom und den 15-j\u00e4hrigen irischen Pianisten Kevin Jansson ex-aequo mit dem Prix Thierry Scherz der Stiftung Pro Scientia et Arte ausgezeichnet.<\/span><\/p>\n<p>\u00a0<\/p>\n<p><span style=\"font-family: arial,helvetica,sans-serif; font-size: small;\"><strong>24.02.2016 &#8212; Die 16. Ausgabe der Sommets Musicaux de Gstaad hat den 23-j\u00e4hrigen franz\u00f6sischen Pianisten Guillaume Bellom und den 15-j\u00e4hrigen irischen Pianisten Kevin Jansson ex-aequo mit dem Prix Thierry Scherz der Stiftung Pro Scientia et Arte ausgezeichnet.<\/strong><\/span><\/p>\n<p>\u00a0<\/p>\n<p><span style=\"font-family: arial,helvetica,sans-serif; font-size: small;\">Der Prix Thierry Scherz belohnt die beste Interpretation der Reihe und erm\u00f6glicht den Preistr\u00e4gern beim Label Claves Records eine erste CD-Aufnahme. Der 23-j\u00e4hrige franz\u00f6sische Pianist R\u00e9mi Geniet erh\u00e4lt den mit 5000 Franken dotierten Prix Andr\u00e9 Hoffmann f\u00fcr die beste Interpretation einer Komposition von Thierry Escaich. Die drei Preistr\u00e4ger sind in der Kapelle Gstaad in der Reihe Junge Talente der Sommets Musicaux de Gstaad aufgetreten.<\/span><\/p>\n<p>\u00a0<\/p>\n<p><span style=\"font-family: arial,helvetica,sans-serif; font-size: small;\">Die Jury setzte sich dieses Jahr zusammen aus Renaud Capu\u00e7on (k\u00fcnstlerischer Leiter des Festivals), Joseph Moog (Mentor der Reihe Junge Talente), Thierry Escaich (Composer in Residence) sowie Dominique Fernandez (Mitglied der Acad\u00e9mie fran\u00e7aise). <em>(cf)<\/em><\/span><\/p>\n","protected":false},"excerpt":{"rendered":"<p><span style=\"font-family: arial,helvetica,sans-serif; font-size: small;\">24.02.2016 &#8212; Die 16. Ausgabe der Sommets Musicaux de Gstaad hat den 23-j\u00e4hrigen franz\u00f6sischen Pianisten Guillaume Bellom und den 15-j\u00e4hrigen irischen Pianisten Kevin Jansson ex-aequo mit dem Prix Thierry Scherz der Stiftung Pro Scientia et Arte ausgezeichnet.<\/span><\/p>\n","protected":false},"author":1,"featured_media":0,"comment_status":"open","ping_status":"open","sticky":false,"template":"","format":"standard","meta":{"footnotes":""},"categories":[2],"tags":[],"class_list":["post-2784","post","type-post","status-publish","format-standard","hentry","category-nachrichten","entry"],"_links":{"self":[{"href":"https:\/\/codexflores.ch\/index.php\/wp-json\/wp\/v2\/posts\/2784","targetHints":{"allow":["GET"]}}],"collection":[{"href":"https:\/\/codexflores.ch\/index.php\/wp-json\/wp\/v2\/posts"}],"about":[{"href":"https:\/\/codexflores.ch\/index.php\/wp-json\/wp\/v2\/types\/post"}],"author":[{"embeddable":true,"href":"https:\/\/codexflores.ch\/index.php\/wp-json\/wp\/v2\/users\/1"}],"replies":[{"embeddable":true,"href":"https:\/\/codexflores.ch\/index.php\/wp-json\/wp\/v2\/comments?post=2784"}],"version-history":[{"count":0,"href":"https:\/\/codexflores.ch\/index.php\/wp-json\/wp\/v2\/posts\/2784\/revisions"}],"wp:attachment":[{"href":"https:\/\/codexflores.ch\/index.php\/wp-json\/wp\/v2\/media?parent=2784"}],"wp:term":[{"taxonomy":"category","embeddable":true,"href":"https:\/\/codexflores.ch\/index.php\/wp-json\/wp\/v2\/categories?post=2784"},{"taxonomy":"post_tag","embeddable":true,"href":"https:\/\/codexflores.ch\/index.php\/wp-json\/wp\/v2\/tags?post=2784"}],"curies":[{"name":"wp","href":"https:\/\/api.w.org\/{rel}","templated":true}]}}