{"id":2787,"date":"2016-02-29T06:58:32","date_gmt":"2016-02-29T06:58:32","guid":{"rendered":"https:\/\/codexflores.ch\/index.php\/2016\/02\/29\/heidelberger-fruehling-erhaelt-ein-liedzentrum\/"},"modified":"2016-02-29T06:58:32","modified_gmt":"2016-02-29T06:58:32","slug":"heidelberger-fruehling-erhaelt-ein-liedzentrum","status":"publish","type":"post","link":"https:\/\/codexflores.ch\/index.php\/2016\/02\/29\/heidelberger-fruehling-erhaelt-ein-liedzentrum\/","title":{"rendered":"Heidelberger Fr\u00fchling erh\u00e4lt ein Liedzentrum"},"content":{"rendered":"<p><span style=\"font-family: arial,helvetica,sans-serif; font-size: small;\">29.02.2016 &#8212; A<span class=\"cs8B191A5E\">uf Initiative des Musikfestivals <\/span><span class=\"csDE77F215\">Heidelberger Fr\u00fchling ist in <\/span><span class=\"cs8B191A5E\">Heidelberg <\/span><span class=\"csDE77F215\"> ein <\/span><span class=\"cs8B191A5E\">Internationales Liedzentrum gegr\u00fcndet worden. <\/span><span class=\"cs8B191A5E\">Ziel des Zentrums ist es, \u00abdie Aktualit\u00e4t des Liedes ins Bewusstsein von K\u00fcnstlern, Veranstaltern und Publikum zu r\u00fccken und neue Perspektiven zu er\u00f6ffnen\u00bb.<\/span><\/span><\/p>\n<p><span style=\"font-family: arial,helvetica,sans-serif; font-size: small;\"><strong>29.02.2016 &#8212; A<span class=\"cs8B191A5E\">uf Initiative des Musikfestivals <\/span><span class=\"csDE77F215\">Heidelberger Fr\u00fchling ist in <\/span><span class=\"cs8B191A5E\">Heidelberg <\/span><span class=\"csDE77F215\"> ein <\/span><span class=\"cs8B191A5E\">Internationales Liedzentrum gegr\u00fcndet worden. <\/span><span class=\"cs8B191A5E\">Ziel des Zentrums ist es, \u00abdie Aktualit\u00e4t des Liedes ins Bewusstsein von K\u00fcnstlern, Veranstaltern und Publikum zu r\u00fccken und neue Perspektiven zu er\u00f6ffnen\u00bb.<\/span><\/strong><\/span><\/p>\n<p><span style=\"font-family: arial,helvetica,sans-serif; font-size: small;\">\u00a0<\/span><\/p>\n<p><span style=\"font-family: arial,helvetica,sans-serif; font-size: small;\">Erste Schwerpunktprojekte sind die Gr\u00fcndung eines <span class=\"cs8B191A5E\">\u00ab<\/span>Netzwerks Lied<span class=\"cs8B191A5E\">\u00bb<\/span> und die Ausrichtung des Internationalen Gesangswettbewerbs Das Lied von Bariton Thomas Quasthoff. Der Wettbewerb fand bislang alle zwei Jahre in Berlin statt und findet ab 2017 seine neue Heimat in Heidelberg. <\/span><\/p>\n<p><span style=\"font-family: arial,helvetica,sans-serif; font-size: small;\">\u00a0<\/span><\/p>\n<p><span style=\"font-family: arial,helvetica,sans-serif; font-size: small;\">Im Rahmen des <span class=\"cs8B191A5E\">\u00ab<\/span>Netzwerks Lied<span class=\"cs8B191A5E\">\u00bb sollen <\/span>der Diskurs \u00fcber die Zukunft des Liedes gef\u00fchrt, ein Austauschforum geboten und ein Think Tank und Treffpunkt in Heidelberg etabliert werden. Dritter Arbeitsbereich des Liedzentrums ist neben dem Wettbewerb und dem Netzwerk Lied die Lied Akademie Heidelberg, die sich unter der Leitung des amerikanischen Baritons Thomas Hampson der F\u00f6rderung junger S\u00e4ngerinnen und S\u00e4nger widmet.\u00a0<em>(cf)<\/em><br \/><\/span><\/p>\n","protected":false},"excerpt":{"rendered":"<p><span style=\"font-family: arial,helvetica,sans-serif; font-size: small;\">29.02.2016 &#8212; A<span class=\"cs8B191A5E\">uf Initiative des Musikfestivals <\/span><span class=\"csDE77F215\">Heidelberger Fr\u00fchling ist in <\/span><span class=\"cs8B191A5E\">Heidelberg <\/span><span class=\"csDE77F215\"> ein <\/span><span class=\"cs8B191A5E\">Internationales Liedzentrum gegr\u00fcndet worden. <\/span><span class=\"cs8B191A5E\">Ziel des Zentrums ist es, \u00abdie Aktualit\u00e4t des Liedes ins Bewusstsein von K\u00fcnstlern, Veranstaltern und Publikum zu r\u00fccken und neue Perspektiven zu er\u00f6ffnen\u00bb.<\/span><\/span><\/p>\n","protected":false},"author":1,"featured_media":0,"comment_status":"open","ping_status":"open","sticky":false,"template":"","format":"standard","meta":{"footnotes":""},"categories":[2],"tags":[],"class_list":["post-2787","post","type-post","status-publish","format-standard","hentry","category-nachrichten","entry"],"_links":{"self":[{"href":"https:\/\/codexflores.ch\/index.php\/wp-json\/wp\/v2\/posts\/2787","targetHints":{"allow":["GET"]}}],"collection":[{"href":"https:\/\/codexflores.ch\/index.php\/wp-json\/wp\/v2\/posts"}],"about":[{"href":"https:\/\/codexflores.ch\/index.php\/wp-json\/wp\/v2\/types\/post"}],"author":[{"embeddable":true,"href":"https:\/\/codexflores.ch\/index.php\/wp-json\/wp\/v2\/users\/1"}],"replies":[{"embeddable":true,"href":"https:\/\/codexflores.ch\/index.php\/wp-json\/wp\/v2\/comments?post=2787"}],"version-history":[{"count":0,"href":"https:\/\/codexflores.ch\/index.php\/wp-json\/wp\/v2\/posts\/2787\/revisions"}],"wp:attachment":[{"href":"https:\/\/codexflores.ch\/index.php\/wp-json\/wp\/v2\/media?parent=2787"}],"wp:term":[{"taxonomy":"category","embeddable":true,"href":"https:\/\/codexflores.ch\/index.php\/wp-json\/wp\/v2\/categories?post=2787"},{"taxonomy":"post_tag","embeddable":true,"href":"https:\/\/codexflores.ch\/index.php\/wp-json\/wp\/v2\/tags?post=2787"}],"curies":[{"name":"wp","href":"https:\/\/api.w.org\/{rel}","templated":true}]}}