{"id":2788,"date":"2016-02-29T07:08:00","date_gmt":"2016-02-29T07:08:00","guid":{"rendered":"https:\/\/codexflores.ch\/index.php\/2016\/02\/29\/petition-fuer-musikinstrumente-im-flugzeug-handgepaeck\/"},"modified":"2016-02-29T07:08:00","modified_gmt":"2016-02-29T07:08:00","slug":"petition-fuer-musikinstrumente-im-flugzeug-handgepaeck","status":"publish","type":"post","link":"https:\/\/codexflores.ch\/index.php\/2016\/02\/29\/petition-fuer-musikinstrumente-im-flugzeug-handgepaeck\/","title":{"rendered":"Petition f\u00fcr Musikinstrumente im Flugzeug-Handgep\u00e4ck"},"content":{"rendered":"<p><span style=\"font-family: arial,helvetica,sans-serif; font-size: small;\">29.02.2016 &#8212; Mit Popstar Katie Melua als Aush\u00e4ngeschild fordert eine Online-Petition den Europ\u00e4ischen Rat auf, europaweit die kostenlose Mitnahme von Musikinstrumenten im Flugzeug-Handgep\u00e4ck zu erm\u00f6glichen.\u00a0 Die seit dem 23. Februar 2016 laufende Online-Petition hat bereits mehr als 10&#8217;000 Unterst\u00fctzer.<\/span><\/p>\n<p><span style=\"font-family: arial,helvetica,sans-serif; font-size: small;\">\u00a0<\/span><\/p>\n<p><span style=\"font-family: arial,helvetica,sans-serif; font-size: small;\"><strong>29.02.2016 &#8212; Mit Popstar Katie Melua als Aush\u00e4ngeschild fordert eine Online-Petition den Europ\u00e4ischen Rat auf, europaweit die kostenlose Mitnahme von Musikinstrumenten im Flugzeug-Handgep\u00e4ck zu erm\u00f6glichen.\u00a0 Die seit dem 23. Februar 2016 laufende Online-Petition hat bereits mehr als 10&#8217;000 Unterst\u00fctzer.<\/strong><\/span><\/p>\n<p><span style=\"font-family: arial,helvetica,sans-serif; font-size: small;\">\u00a0<\/span><\/p>\n<p><span style=\"font-family: arial,helvetica,sans-serif; font-size: small;\">Auch in Deutschland, schreibt die Deutsche Orchestervereinigung, h\u00e4uften sich in j\u00fcngster Zeit die Vorf\u00e4lle, bei denen Fluggesellschaften Musikern bei der Mitnahme ihrer Instrumente im Handgep\u00e4ck (namentlich Violinen und Bratschen sowie weitere \u00e4hnlich grosse Instrumente) Schwierigkeiten bereiteten und den Transport nur zuliessen, wenn hierf\u00fcr \u2013 wie bislang beispielsweise f\u00fcr Celli \u00fcblich \u2013 ein Extrasitz mit entsprechenden Kosten gebucht werde.<\/span><\/p>\n<p><span style=\"font-family: arial,helvetica,sans-serif; font-size: small;\">\u00a0<\/span><\/p>\n<p><span style=\"font-family: arial,helvetica,sans-serif; font-size: small;\">Das eigentliche Problem sei aber die europ\u00e4ische Rechtslage, die es Moment den nationalen Fluggesellschaften \u00fcberlasse, \u00fcber die Mitnahme von Musikinstrumenten im Handgep\u00e4ck, die das Normalmass von 55 cm L\u00e4nge \u00fcberschreiten, eigenst\u00e4ndig zu entscheiden.<em> (cf)<\/em><\/span><\/p>\n<p><span style=\"font-family: arial,helvetica,sans-serif; font-size: small;\"><em>\u00a0<\/em><\/span><\/p>\n<p><span style=\"font-family: arial,helvetica,sans-serif; font-size: small;\"><strong>Link zur Online-Petition:<\/strong><\/span><\/p>\n<p><span style=\"font-family: arial,helvetica,sans-serif; font-size: small;\"><a href=\"https:\/\/www.change.org\/p\/council-of-the-european-union-instruments-on-planes-musicians-call-on-the-eu-council-to-follow-the-eu-parliament\" target=\"_blank\" rel=\"noopener noreferrer\">https:\/\/www.change.org\/p\/council-of-the-european-union-instruments-on-planes-musicians-call-on-the-eu-council-to-follow-the-eu-parliament<\/a><\/span><\/p>\n<p><span style=\"font-family: arial,helvetica,sans-serif; font-size: small;\">\u00a0<\/span><\/p>\n","protected":false},"excerpt":{"rendered":"<p><span style=\"font-family: arial,helvetica,sans-serif; font-size: small;\">29.02.2016 &#8212; Mit Popstar Katie Melua als Aush\u00e4ngeschild fordert eine Online-Petition den Europ\u00e4ischen Rat auf, europaweit die kostenlose Mitnahme von Musikinstrumenten im Flugzeug-Handgep\u00e4ck zu erm\u00f6glichen.\u00a0 Die seit dem 23. Februar 2016 laufende Online-Petition hat bereits mehr als 10&#8217;000 Unterst\u00fctzer.<\/span><\/p>\n","protected":false},"author":1,"featured_media":0,"comment_status":"open","ping_status":"open","sticky":false,"template":"","format":"standard","meta":{"footnotes":""},"categories":[2],"tags":[],"class_list":["post-2788","post","type-post","status-publish","format-standard","hentry","category-nachrichten","entry"],"_links":{"self":[{"href":"https:\/\/codexflores.ch\/index.php\/wp-json\/wp\/v2\/posts\/2788","targetHints":{"allow":["GET"]}}],"collection":[{"href":"https:\/\/codexflores.ch\/index.php\/wp-json\/wp\/v2\/posts"}],"about":[{"href":"https:\/\/codexflores.ch\/index.php\/wp-json\/wp\/v2\/types\/post"}],"author":[{"embeddable":true,"href":"https:\/\/codexflores.ch\/index.php\/wp-json\/wp\/v2\/users\/1"}],"replies":[{"embeddable":true,"href":"https:\/\/codexflores.ch\/index.php\/wp-json\/wp\/v2\/comments?post=2788"}],"version-history":[{"count":0,"href":"https:\/\/codexflores.ch\/index.php\/wp-json\/wp\/v2\/posts\/2788\/revisions"}],"wp:attachment":[{"href":"https:\/\/codexflores.ch\/index.php\/wp-json\/wp\/v2\/media?parent=2788"}],"wp:term":[{"taxonomy":"category","embeddable":true,"href":"https:\/\/codexflores.ch\/index.php\/wp-json\/wp\/v2\/categories?post=2788"},{"taxonomy":"post_tag","embeddable":true,"href":"https:\/\/codexflores.ch\/index.php\/wp-json\/wp\/v2\/tags?post=2788"}],"curies":[{"name":"wp","href":"https:\/\/api.w.org\/{rel}","templated":true}]}}