{"id":2790,"date":"2016-03-01T06:40:29","date_gmt":"2016-03-01T06:40:29","guid":{"rendered":"https:\/\/codexflores.ch\/index.php\/2016\/03\/01\/die-zukunft-des-lucerne-festival-orchestr\/"},"modified":"2016-03-01T06:40:29","modified_gmt":"2016-03-01T06:40:29","slug":"die-zukunft-des-lucerne-festival-orchestr","status":"publish","type":"post","link":"https:\/\/codexflores.ch\/index.php\/2016\/03\/01\/die-zukunft-des-lucerne-festival-orchestr\/","title":{"rendered":"Die Zukunft des Lucerne Festival Orchesters"},"content":{"rendered":"<p><span style=\"font-family: arial,helvetica,sans-serif; font-size: small;\">01.03.2016 &#8212; Unter seinem neuen Chefdirigenten Riccardo Chailly wird das Lucerne Festival Orchestra j\u00e4hrlich eine grosse internationale Tournee realisieren, die erste im Oktober 2017 nach Asien. Das Ensemble wird um Musiker des Teatro alla Scala aus Mailand erweitert.<\/span><\/p>\n<p><span style=\"font-family: arial,helvetica,sans-serif; font-size: small;\"><strong> 01.03.2016 &#8212; <span style=\"font-family: arial,helvetica,sans-serif; font-size: small;\"> Unter seinem neuen Chefdirigenten Riccardo Chailly wird das Lucerne Festival Orchestra j\u00e4hrlich eine grosse internationale Tournee realisieren, die erste im Oktober 2017 nach Asien. Das Ensemble wird um Musiker des Teatro alla Scala aus Mailand erweitert.<\/span><\/strong><\/span><\/p>\n<p>\u00a0<\/p>\n<p align=\"left\"><span style=\"font-family: arial,helvetica,sans-serif; font-size: small;\">Die Besetzung des Lucerne Festival Orchestra wird im Sommer 2016 in seiner Grundstruktur bestehen bleiben, hinzu kommen einige Musiker des Teatro alla Scala aus Mailand, deren Principal Conductor Riccardo Chailly ist.<\/span><\/p>\n<p align=\"left\">\u00a0<\/p>\n<p align=\"left\"><span style=\"font-family: arial,helvetica,sans-serif; font-size: small;\">Chailly und das Lucerne Festival Orchestra er\u00f6ffnen das diesj\u00e4hrige Sommer-Festival am 12. August mit Gustav Mahlers <em>Sinfonie der Tausend<\/em>. Riccardo Chailly widmet diese Claudio Abbado und vervollst\u00e4ndigt damit den Mahler-Zyklus, den letzterer mit dem Lucerne Festival Orchestra selbst nicht zu Ende f\u00fchren konnte. In den kommenden Jahren m\u00f6chte der neue Chefdirigent auch neues sinfonisches Repertoire erschliessen: Zur Er\u00f6ffnung des Festivals im Sommer 2017 steht Igor Strawinskys Opern-Oratorium <em>Oedipus Rex<\/em> auf dem Programm.<\/span><\/p>\n<p align=\"left\">\u00a0<\/p>\n<p><span style=\"font-family: arial,helvetica,sans-serif; font-size: small;\">Mit der Gr\u00fcndung des Lucerne Festival Orchestra kn\u00fcpften Claudio Abbado und Michael Haefliger 2003 an die Geburtsstunde der Luzerner Festspiele im Jahr 1938 an, als Arturo Toscanini mit einem Concert de Gala gefeierte Virtuosen ihrer Zeit zu einem einzigartigen Eliteorchester vereinte. <em>(cf)<\/em><\/span><\/p>\n","protected":false},"excerpt":{"rendered":"<p><span style=\"font-family: arial,helvetica,sans-serif; font-size: small;\">01.03.2016 &#8212; Unter seinem neuen Chefdirigenten Riccardo Chailly wird das Lucerne Festival Orchestra j\u00e4hrlich eine grosse internationale Tournee realisieren, die erste im Oktober 2017 nach Asien. Das Ensemble wird um Musiker des Teatro alla Scala aus Mailand erweitert.<\/span><\/p>\n","protected":false},"author":1,"featured_media":0,"comment_status":"open","ping_status":"open","sticky":false,"template":"","format":"standard","meta":{"footnotes":""},"categories":[2],"tags":[],"class_list":["post-2790","post","type-post","status-publish","format-standard","hentry","category-nachrichten","entry"],"_links":{"self":[{"href":"https:\/\/codexflores.ch\/index.php\/wp-json\/wp\/v2\/posts\/2790","targetHints":{"allow":["GET"]}}],"collection":[{"href":"https:\/\/codexflores.ch\/index.php\/wp-json\/wp\/v2\/posts"}],"about":[{"href":"https:\/\/codexflores.ch\/index.php\/wp-json\/wp\/v2\/types\/post"}],"author":[{"embeddable":true,"href":"https:\/\/codexflores.ch\/index.php\/wp-json\/wp\/v2\/users\/1"}],"replies":[{"embeddable":true,"href":"https:\/\/codexflores.ch\/index.php\/wp-json\/wp\/v2\/comments?post=2790"}],"version-history":[{"count":0,"href":"https:\/\/codexflores.ch\/index.php\/wp-json\/wp\/v2\/posts\/2790\/revisions"}],"wp:attachment":[{"href":"https:\/\/codexflores.ch\/index.php\/wp-json\/wp\/v2\/media?parent=2790"}],"wp:term":[{"taxonomy":"category","embeddable":true,"href":"https:\/\/codexflores.ch\/index.php\/wp-json\/wp\/v2\/categories?post=2790"},{"taxonomy":"post_tag","embeddable":true,"href":"https:\/\/codexflores.ch\/index.php\/wp-json\/wp\/v2\/tags?post=2790"}],"curies":[{"name":"wp","href":"https:\/\/api.w.org\/{rel}","templated":true}]}}