{"id":2792,"date":"2016-03-02T06:32:50","date_gmt":"2016-03-02T06:32:50","guid":{"rendered":"https:\/\/codexflores.ch\/index.php\/2016\/03\/02\/richard-strauss-wettbewerb-fuer-klavier\/"},"modified":"2016-03-02T06:32:50","modified_gmt":"2016-03-02T06:32:50","slug":"richard-strauss-wettbewerb-fuer-klavier","status":"publish","type":"post","link":"https:\/\/codexflores.ch\/index.php\/2016\/03\/02\/richard-strauss-wettbewerb-fuer-klavier\/","title":{"rendered":"Richard-Strauss-Wettbewerb f\u00fcr Klavier"},"content":{"rendered":"<p><span style=\"font-family: arial,helvetica,sans-serif; font-size: small;\">02.03.2016 &#8212; Die Richard-Strauss-Gesellschaft, bei der\u00a0Kammers\u00e4ngerin Brigitte Fassbaender als Vorsitzende amtet, veranstaltet allj\u00e4hrlich einen Richard-Strauss-Wettbewerb. 2016 richtet sich die Ausschreibung an Pianistinnen und Pianisten.<\/span><\/p>\n<p><span style=\"font-family: arial,helvetica,sans-serif; font-size: small;\"><strong>02.03.2016 &#8212; Die Richard-Strauss-Gesellschaft, bei der\u00a0Kammers\u00e4ngerin Brigitte Fassbaender als Vorsitzende amtet, veranstaltet allj\u00e4hrlich einen Richard-Strauss-Wettbewerb. 2016 richtet sich die Ausschreibung an Pianistinnen und Pianisten.<\/strong><\/span><\/p>\n<p>\u00a0<\/p>\n<p><span style=\"font-family: arial,helvetica,sans-serif; font-size: small;\">Bewerbungen f\u00fcr die Teilnahme am zweistufigen Wettbewerb werden bis zum 18. M\u00e4rz 2016 entgegengenommen. Die Gesellschaft wird maximal zehn Kandidaten ausw\u00e4hlen, die am 9. April 2016 im Grossen Konzertsaal der Hochschule f\u00fcr Musik und Theater M\u00fcnchen zum Wettbewerb antreten werden. Das Alterslimit betr\u00e4gt 28 Jahre.<\/span><\/p>\n<p><span style=\"font-family: arial,helvetica,sans-serif; font-size: small;\">\u00a0<\/span><\/p>\n<p><span style=\"font-family: arial,helvetica,sans-serif; font-size: small;\">In der ersten Runde ist eine Auswahl aus Strauss-Liedern in der Klavierbearbeitung von Max Reger zu interpretieren. Maximal f\u00fcnf Kandidierende\u00a0 werden zur zweiten Wettbewerbsrunde zugelassen, in der die Burleske in d-Moll von Richard Strauss auf dem Programm steht. Vorsitzende der Jury, zu der Yaara Tal, Markus Bellheim und Daniel-Fr\u00e9d\u00e9ric Lebon geh\u00f6ren, ist Brigitte Fassbaender.<\/span><\/p>\n<p><span style=\"font-family: arial,helvetica,sans-serif; font-size: small;\">\u00a0<\/span><\/p>\n<p><span style=\"font-family: arial,helvetica,sans-serif; font-size: small;\">Die Gewinnerin oder der Gewinner erh\u00e4lt die Richard-Strauss-Medaille verliehen, einen Geldpreis in der H\u00f6he von 2500 Euro und einen solistischen Auftritt beim Preistr\u00e4gerkonzert im Rahmen des Festivals. Ein weiteres Preistr\u00e4gerkonzert findet im Herbst 2016 in M\u00fcnchen statt. Zus\u00e4tzlich k\u00f6nnen F\u00f6rderpreise in der H\u00f6he von 1000 Euro vergeben werden.<em> (cf)<\/em> <\/span><\/p>\n<p><span style=\"font-family: arial,helvetica,sans-serif; font-size: small;\"><em>\u00a0<\/em><\/span><\/p>\n<p><span style=\"font-family: arial,helvetica,sans-serif; font-size: small;\"><strong>Mehr Infos:<\/strong> <a href=\"growpublic.newsobserver.communautic.com\/c\/21806389\/810fed5dfb1-o3ctzr%20\" target=\"_blank\" rel=\"noopener noreferrer\">growpublic.newsobserver.communautic.com\/c\/21806389\/810fed5dfb1-o3ctzr<\/a><\/span><em> <br \/><\/em><\/p>\n<p>\u00a0<\/p>\n","protected":false},"excerpt":{"rendered":"<p><span style=\"font-family: arial,helvetica,sans-serif; font-size: small;\">02.03.2016 &#8212; Die Richard-Strauss-Gesellschaft, bei der\u00a0Kammers\u00e4ngerin Brigitte Fassbaender als Vorsitzende amtet, veranstaltet allj\u00e4hrlich einen Richard-Strauss-Wettbewerb. 2016 richtet sich die Ausschreibung an Pianistinnen und Pianisten.<\/span><\/p>\n","protected":false},"author":1,"featured_media":0,"comment_status":"open","ping_status":"open","sticky":false,"template":"","format":"standard","meta":{"footnotes":""},"categories":[2],"tags":[],"class_list":["post-2792","post","type-post","status-publish","format-standard","hentry","category-nachrichten","entry"],"_links":{"self":[{"href":"https:\/\/codexflores.ch\/index.php\/wp-json\/wp\/v2\/posts\/2792","targetHints":{"allow":["GET"]}}],"collection":[{"href":"https:\/\/codexflores.ch\/index.php\/wp-json\/wp\/v2\/posts"}],"about":[{"href":"https:\/\/codexflores.ch\/index.php\/wp-json\/wp\/v2\/types\/post"}],"author":[{"embeddable":true,"href":"https:\/\/codexflores.ch\/index.php\/wp-json\/wp\/v2\/users\/1"}],"replies":[{"embeddable":true,"href":"https:\/\/codexflores.ch\/index.php\/wp-json\/wp\/v2\/comments?post=2792"}],"version-history":[{"count":0,"href":"https:\/\/codexflores.ch\/index.php\/wp-json\/wp\/v2\/posts\/2792\/revisions"}],"wp:attachment":[{"href":"https:\/\/codexflores.ch\/index.php\/wp-json\/wp\/v2\/media?parent=2792"}],"wp:term":[{"taxonomy":"category","embeddable":true,"href":"https:\/\/codexflores.ch\/index.php\/wp-json\/wp\/v2\/categories?post=2792"},{"taxonomy":"post_tag","embeddable":true,"href":"https:\/\/codexflores.ch\/index.php\/wp-json\/wp\/v2\/tags?post=2792"}],"curies":[{"name":"wp","href":"https:\/\/api.w.org\/{rel}","templated":true}]}}