{"id":2798,"date":"2016-03-04T07:01:17","date_gmt":"2016-03-04T07:01:17","guid":{"rendered":"https:\/\/codexflores.ch\/index.php\/2016\/03\/04\/berliner-konzert-fuer-fluechtlinge-im-web-frei-verfuegbar\/"},"modified":"2016-03-04T07:01:17","modified_gmt":"2016-03-04T07:01:17","slug":"berliner-konzert-fuer-fluechtlinge-im-web-frei-verfuegbar","status":"publish","type":"post","link":"https:\/\/codexflores.ch\/index.php\/2016\/03\/04\/berliner-konzert-fuer-fluechtlinge-im-web-frei-verfuegbar\/","title":{"rendered":"Berliner Konzert f\u00fcr Fl\u00fcchtlinge im Web frei verf\u00fcgbar"},"content":{"rendered":"<p><span style=\"font-family: arial,helvetica,sans-serif; font-size: small;\">04.03.2016 &#8212; Unter dem Motto \u00abWillkommen in unserer Mitte\u00bb begr\u00fcssten die Staatskapelle Berlin, das Konzerthausorchester Berlin und die Berliner Philharmoniker mit ihren Chefdirigenten \u00abMenschen, die vor der Not in ihrer Heimat nach Deutschland geflohen sind\u00bb. Das Konzert ist im Web frei abrufbar.<\/span><\/p>\n<p><span style=\"font-family: arial,helvetica,sans-serif; font-size: small;\"><strong>04.03.2016 &#8212; Unter dem Motto \u00abWillkommen in unserer Mitte\u00bb begr\u00fcssten die Staatskapelle Berlin, das Konzerthausorchester Berlin und die Berliner Philharmoniker mit ihren Chefdirigenten \u00abMenschen, die vor der Not in ihrer Heimat nach Deutschland geflohen sind\u00bb. Das Konzert ist im Web frei abrufbar.<\/strong><\/span><\/p>\n<p>\u00a0<\/p>\n<p><span style=\"font-family: arial,helvetica,sans-serif; font-size: small;\"> Eingeladen waren Fl\u00fcchtlinge und viele haupt- und ehrenamtliche Helfer, die ihnen ihre Ankunft in der neuen Umgebung erleichtern. Das Programm des Abends reichte von Mozarts d-Moll-Klavierkonzert, bei dem Daniel Barenboim als Solist und Dirigent beeindruckte, \u00fcber die von Iv\u00e1n Fischer interpretierte \u00abSymphonie classique\u00bb von Sergej Prokofjew bis zu zwei S\u00e4tzen aus Beethovens Siebter Symphonie, intrepretiert von den Berliner Philharmonikern und Sir Simon Rattle.<\/span><\/p>\n<p>\u00a0<\/p>\n<p><span style=\"font-family: arial,helvetica,sans-serif; font-size: small;\">Das Konzert it in de Digital Concert Hall der Berliner Philharmoniker kostenlos abrufbar \u2013 so lange man bereit ist, sich dazu auf der Seite registrieren zu lassen.<em> (cf)<\/em><\/span><\/p>\n<p><span style=\"font-family: arial,helvetica,sans-serif; font-size: small;\"><em>\u00a0<\/em><\/span><\/p>\n<p><span style=\"font-family: arial,helvetica,sans-serif; font-size: small;\"><strong>Info:<\/strong> <a href=\"https:\/\/www.digitalconcerthall.com\/de\/concert\/23677\">https:\/\/www.digitalconcerthall.com\/de\/concert\/23677<\/a><\/span><em><br \/><\/em><\/p>\n","protected":false},"excerpt":{"rendered":"<p><span style=\"font-family: arial,helvetica,sans-serif; font-size: small;\">04.03.2016 &#8212; Unter dem Motto \u00abWillkommen in unserer Mitte\u00bb begr\u00fcssten die Staatskapelle Berlin, das Konzerthausorchester Berlin und die Berliner Philharmoniker mit ihren Chefdirigenten \u00abMenschen, die vor der Not in ihrer Heimat nach Deutschland geflohen sind\u00bb. Das Konzert ist im Web frei abrufbar.<\/span><\/p>\n","protected":false},"author":1,"featured_media":0,"comment_status":"open","ping_status":"open","sticky":false,"template":"","format":"standard","meta":{"footnotes":""},"categories":[2],"tags":[],"class_list":["post-2798","post","type-post","status-publish","format-standard","hentry","category-nachrichten","entry"],"_links":{"self":[{"href":"https:\/\/codexflores.ch\/index.php\/wp-json\/wp\/v2\/posts\/2798","targetHints":{"allow":["GET"]}}],"collection":[{"href":"https:\/\/codexflores.ch\/index.php\/wp-json\/wp\/v2\/posts"}],"about":[{"href":"https:\/\/codexflores.ch\/index.php\/wp-json\/wp\/v2\/types\/post"}],"author":[{"embeddable":true,"href":"https:\/\/codexflores.ch\/index.php\/wp-json\/wp\/v2\/users\/1"}],"replies":[{"embeddable":true,"href":"https:\/\/codexflores.ch\/index.php\/wp-json\/wp\/v2\/comments?post=2798"}],"version-history":[{"count":0,"href":"https:\/\/codexflores.ch\/index.php\/wp-json\/wp\/v2\/posts\/2798\/revisions"}],"wp:attachment":[{"href":"https:\/\/codexflores.ch\/index.php\/wp-json\/wp\/v2\/media?parent=2798"}],"wp:term":[{"taxonomy":"category","embeddable":true,"href":"https:\/\/codexflores.ch\/index.php\/wp-json\/wp\/v2\/categories?post=2798"},{"taxonomy":"post_tag","embeddable":true,"href":"https:\/\/codexflores.ch\/index.php\/wp-json\/wp\/v2\/tags?post=2798"}],"curies":[{"name":"wp","href":"https:\/\/api.w.org\/{rel}","templated":true}]}}