{"id":2800,"date":"2016-03-07T06:54:55","date_gmt":"2016-03-07T06:54:55","guid":{"rendered":"https:\/\/codexflores.ch\/index.php\/2016\/03\/07\/abbado-nachlass-geht-nach-berlin\/"},"modified":"2016-03-07T06:54:55","modified_gmt":"2016-03-07T06:54:55","slug":"abbado-nachlass-geht-nach-berlin","status":"publish","type":"post","link":"https:\/\/codexflores.ch\/index.php\/2016\/03\/07\/abbado-nachlass-geht-nach-berlin\/","title":{"rendered":"Abbado-Nachlass geht nach Berlin"},"content":{"rendered":"<p><span style=\"font-family: arial,helvetica,sans-serif; font-size: small;\">07.03.2016 &#8212; Der musikalische Nachlass des Dirigenten Claudio Abbado \u2013 Partituren, handschriftliche Aufzeichnungen, Audio-\/Video-Ver\u00f6ffentlichungen, musikwissenschaftliche Literatur und Briefe \u2013 wird als Schenkung in die Staatsbibliothek zu Berlin &#8211; Stiftung Preussischer Kulturbesitz aufgenommen.<\/span><\/p>\n<p><span style=\"font-family: arial,helvetica,sans-serif; font-size: small;\"><strong>07.03.2016 &#8212; Der musikalische Nachlass des Dirigenten Claudio Abbado \u2013 Partituren, handschriftliche Aufzeichnungen, Audio-\/Video-Ver\u00f6ffentlichungen, musikwissenschaftliche Literatur und Briefe \u2013 wird als Schenkung in die Staatsbibliothek zu Berlin &#8211; Stiftung Preussischer Kulturbesitz aufgenommen.<\/strong><\/span><\/p>\n<p><span style=\"font-family: arial,helvetica,sans-serif; font-size: small;\">\u00a0<\/span><\/p>\n<p><span style=\"font-family: arial,helvetica,sans-serif; font-size: small;\">Die Staatsbibliothek wird den Nachlass erschliessen und in einem Claudio Abbado gewidmeten Lesesaal zug\u00e4nglich machen. Ausserdem ist geplant, grosse Teile des Archivs zu digitalisieren. Die Berliner Philharmoniker werden den Nachlass inhaltlich kuratieren. Neben dem bereits existierenden Claudio Abbado-Kompositionspreis sollen Ausstellungen realisiert, Werkanalysen erm\u00f6glicht und Studienm\u00f6glichkeiten f\u00fcr junge Dirigenten geschaffen werden. <\/span><\/p>\n<p>\u00a0<\/p>\n<p><span style=\"font-family: arial,helvetica,sans-serif; font-size: small;\">Eine entsprechende Vereinbarung haben Paolo Lazzati, Pr\u00e4sident der Fondazione Claudio Abbado, Barbara Schneider-Kempf, Generaldirektorin der Staatsbibliothek zu Berlin, und Martin Hoffmann, Intendant der Stiftung Berliner Philharmoniker in der Berliner Philharmonie unterzeichnet.\u00a0 <em>(cf)<\/em><\/span><\/p>\n<p><span style=\"font-family: arial,helvetica,sans-serif; font-size: small;\">\u00a0<\/span><\/p>\n","protected":false},"excerpt":{"rendered":"<p><span style=\"font-family: arial,helvetica,sans-serif; font-size: small;\">07.03.2016 &#8212; Der musikalische Nachlass des Dirigenten Claudio Abbado \u2013 Partituren, handschriftliche Aufzeichnungen, Audio-\/Video-Ver\u00f6ffentlichungen, musikwissenschaftliche Literatur und Briefe \u2013 wird als Schenkung in die Staatsbibliothek zu Berlin &#8211; Stiftung Preussischer Kulturbesitz aufgenommen.<\/span><\/p>\n","protected":false},"author":1,"featured_media":0,"comment_status":"open","ping_status":"open","sticky":false,"template":"","format":"standard","meta":{"footnotes":""},"categories":[2],"tags":[],"class_list":["post-2800","post","type-post","status-publish","format-standard","hentry","category-nachrichten","entry"],"_links":{"self":[{"href":"https:\/\/codexflores.ch\/index.php\/wp-json\/wp\/v2\/posts\/2800","targetHints":{"allow":["GET"]}}],"collection":[{"href":"https:\/\/codexflores.ch\/index.php\/wp-json\/wp\/v2\/posts"}],"about":[{"href":"https:\/\/codexflores.ch\/index.php\/wp-json\/wp\/v2\/types\/post"}],"author":[{"embeddable":true,"href":"https:\/\/codexflores.ch\/index.php\/wp-json\/wp\/v2\/users\/1"}],"replies":[{"embeddable":true,"href":"https:\/\/codexflores.ch\/index.php\/wp-json\/wp\/v2\/comments?post=2800"}],"version-history":[{"count":0,"href":"https:\/\/codexflores.ch\/index.php\/wp-json\/wp\/v2\/posts\/2800\/revisions"}],"wp:attachment":[{"href":"https:\/\/codexflores.ch\/index.php\/wp-json\/wp\/v2\/media?parent=2800"}],"wp:term":[{"taxonomy":"category","embeddable":true,"href":"https:\/\/codexflores.ch\/index.php\/wp-json\/wp\/v2\/categories?post=2800"},{"taxonomy":"post_tag","embeddable":true,"href":"https:\/\/codexflores.ch\/index.php\/wp-json\/wp\/v2\/tags?post=2800"}],"curies":[{"name":"wp","href":"https:\/\/api.w.org\/{rel}","templated":true}]}}