{"id":2801,"date":"2016-03-08T07:04:12","date_gmt":"2016-03-08T07:04:12","guid":{"rendered":"https:\/\/codexflores.ch\/index.php\/2016\/03\/08\/schumanns-erstes-klaviertrio-in-dresden\/"},"modified":"2016-03-08T07:04:12","modified_gmt":"2016-03-08T07:04:12","slug":"schumanns-erstes-klaviertrio-in-dresden","status":"publish","type":"post","link":"https:\/\/codexflores.ch\/index.php\/2016\/03\/08\/schumanns-erstes-klaviertrio-in-dresden\/","title":{"rendered":"Schumanns erstes Klaviertrio in Dresden"},"content":{"rendered":"<p><span style=\"font-family: arial,helvetica,sans-serif; font-size: small;\">08.03.2016 &#8212; Die S\u00e4chsische Landesbibliothek in Dresden hat bei einem amerikanischen Antiquariat die bisher in Privatbesitz befindlichen Skizzen zu Robert Schumanns erstem Klaviertrio op. 63 erworben und macht sie \u00f6ffentlich zug\u00e4nglich. Das Trio gilt als Schl\u00fcsselwerk seiner Gattung.<\/span><\/p>\n<p>\u00a0<\/p>\n<p><span style=\"font-family: arial,helvetica,sans-serif; font-size: small;\"><strong>08.03.2016 &#8212; Die S\u00e4chsische Landesbibliothek in Dresden hat bei einem amerikanischen Antiquariat die bisher in Privatbesitz befindlichen Skizzen zu Robert Schumanns erstem Klaviertrio op. 63 erworben und macht sie \u00f6ffentlich zug\u00e4nglich. Das Trio gilt als Schl\u00fcsselwerk seiner Gattung.<\/strong><\/span><\/p>\n<p><span style=\"font-family: arial,helvetica,sans-serif; font-size: small;\">\u00a0<\/span><\/p>\n<p><span style=\"font-family: arial,helvetica,sans-serif; font-size: small;\">Die Skizzen verblieben bis zum Beginn des 20. Jahrhunderts im Besitz von Schumanns \u00e4ltester Tochter Marie. 1911 wurden sie bei C. G. Boerner in Leipzig zum Verkauf angeboten und gelangten in die Schumann-Sammlung des Zwickauer Oberbergrats und Schumann-Liebhabers Alfred Wiede. Von dort wurden sie zwar zumindest anl\u00e4sslich des Schumannfestes 1922, bei dem das Werk auch gespielt wurde, noch einmal ausgestellt. Danach aber verschwanden sie im privaten Tresor.<\/span><\/p>\n<p>\u00a0<\/p>\n<p><span style=\"font-family: arial,helvetica,sans-serif; font-size: small;\">Nun kehren Schumanns Skizzen an ihren Ursprungsort zur\u00fcck und werden allen Interessierten zug\u00e4nglich gemacht. An der SLUB Dresden erg\u00e4nzen sie einen zwar kleinen, aber f\u00fcr Schumanns Dresdner Zeit typischen Bestand an Autographen und Handschriften. <em>(cf)\u00a0<\/em><\/span><\/p>\n","protected":false},"excerpt":{"rendered":"<p><span style=\"font-family: arial,helvetica,sans-serif; font-size: small;\">08.03.2016 &#8212; Die S\u00e4chsische Landesbibliothek in Dresden hat bei einem amerikanischen Antiquariat die bisher in Privatbesitz befindlichen Skizzen zu Robert Schumanns erstem Klaviertrio op. 63 erworben und macht sie \u00f6ffentlich zug\u00e4nglich. Das Trio gilt als Schl\u00fcsselwerk seiner Gattung.<\/span><\/p>\n","protected":false},"author":1,"featured_media":0,"comment_status":"open","ping_status":"open","sticky":false,"template":"","format":"standard","meta":{"footnotes":""},"categories":[2],"tags":[],"class_list":["post-2801","post","type-post","status-publish","format-standard","hentry","category-nachrichten","entry"],"_links":{"self":[{"href":"https:\/\/codexflores.ch\/index.php\/wp-json\/wp\/v2\/posts\/2801","targetHints":{"allow":["GET"]}}],"collection":[{"href":"https:\/\/codexflores.ch\/index.php\/wp-json\/wp\/v2\/posts"}],"about":[{"href":"https:\/\/codexflores.ch\/index.php\/wp-json\/wp\/v2\/types\/post"}],"author":[{"embeddable":true,"href":"https:\/\/codexflores.ch\/index.php\/wp-json\/wp\/v2\/users\/1"}],"replies":[{"embeddable":true,"href":"https:\/\/codexflores.ch\/index.php\/wp-json\/wp\/v2\/comments?post=2801"}],"version-history":[{"count":0,"href":"https:\/\/codexflores.ch\/index.php\/wp-json\/wp\/v2\/posts\/2801\/revisions"}],"wp:attachment":[{"href":"https:\/\/codexflores.ch\/index.php\/wp-json\/wp\/v2\/media?parent=2801"}],"wp:term":[{"taxonomy":"category","embeddable":true,"href":"https:\/\/codexflores.ch\/index.php\/wp-json\/wp\/v2\/categories?post=2801"},{"taxonomy":"post_tag","embeddable":true,"href":"https:\/\/codexflores.ch\/index.php\/wp-json\/wp\/v2\/tags?post=2801"}],"curies":[{"name":"wp","href":"https:\/\/api.w.org\/{rel}","templated":true}]}}