{"id":2803,"date":"2016-03-08T07:26:30","date_gmt":"2016-03-08T07:26:30","guid":{"rendered":"https:\/\/codexflores.ch\/index.php\/2016\/03\/08\/10-europaeisches-jugendchor-festival-basel\/"},"modified":"2016-03-08T07:26:30","modified_gmt":"2016-03-08T07:26:30","slug":"10-europaeisches-jugendchor-festival-basel","status":"publish","type":"post","link":"https:\/\/codexflores.ch\/index.php\/2016\/03\/08\/10-europaeisches-jugendchor-festival-basel\/","title":{"rendered":"10. Europ\u00e4isches Jugendchor Festival Basel"},"content":{"rendered":"<p><span style=\"font-family: arial,helvetica,sans-serif; font-size: small;\">08.03.2016 &#8212; \u00dcber die Auffahrtstage, vom 4. bis 8. Mai 2016, feiert das Europ\u00e4ische Jugendchor Festival Basel (EJCF) seine 10. Ausgabe. 17 hochqualifizierte Kinder- und Jugendch\u00f6re aus ganz Europa und ein Gastchor aus Indonesien pr\u00e4sentieren sich in \u00fcber 40 Konzerten in Basel und der Region.<\/span><\/p>\n<p><span style=\"font-family: arial,helvetica,sans-serif; font-size: small;\"><strong>08.03.2016 &#8212; \u00dcber die Auffahrtstage, vom 4. bis 8. Mai 2016, feiert das Europ\u00e4ische Jugendchor Festival Basel (EJCF) seine 10. Ausgabe. 17 hochqualifizierte Kinder- und Jugendch\u00f6re aus ganz Europa und ein Gastchor aus Indonesien pr\u00e4sentieren sich in \u00fcber 40 Konzerten in Basel und der Region.<\/strong><\/span><\/p>\n<p><span style=\"font-family: arial,helvetica,sans-serif; font-size: small;\">\u00a0<\/span><\/p>\n<p><span style=\"font-family: arial,helvetica,sans-serif; font-size: small;\">Das Jugendchorfestival richtet sich an ein breites Publikum jeden Alters. Es will der Bev\u00f6lkerung die Vielfalt der europ\u00e4ischen Chormusik n\u00e4her bringen. Die diesj\u00e4hrige Ausgabe pr\u00e4sentiert Kinder- und Jugendch\u00f6re aus Belgien, Bulgarien, Georgien, Griechenland, den Niederlanden, Norwegen, Russland, Schweden, Spanien und der T\u00fcrkei sowie einen aussereurop\u00e4ischen Gastchor aus Indonesien. <\/span><\/p>\n<p>\u00a0<\/p>\n<p><span style=\"font-family: arial,helvetica,sans-serif; font-size: small;\">Die Schweiz ist nebst den traditionell mitwirkenden Basler Ch\u00f6ren Knaben- und M\u00e4dchenkantorei sowie dem Jugendchor Vivo der Musikschule Basel mit dem Schweizer Jugendchor, dem Grand Ch\u0153ur de Filles de la Schola de Sion, den Singknaben der St. Ursenkathedrale Solothurn und dem neu gegr\u00fcndeten Jugendchor jutz.ch vertreten. <\/span><\/p>\n<p>\u00a0<\/p>\n<p><span style=\"font-family: arial,helvetica,sans-serif; font-size: small;\">Letzterer wurde vom EJCF initiiert mit dem Ziel, junge Choristen der klassischen Chorszene und solche der Jodelchorszene einander n\u00e4her zu bringen, um gegenseitig voneinander zu lernen. Der Projektchor setzt sich mit dem traditionellen Schweizer Jodel und Natur\u00adjodel auseinander und pr\u00e4sentiert diesen m\u00f6glichst im Dialekt und der Klanglichkeit seiner Ursprungsregion.\u00a0 <em>(cf)<\/em><\/span><\/p>\n<p><span style=\"font-family: arial,helvetica,sans-serif; font-size: small;\">\u00a0<\/span><\/p>\n","protected":false},"excerpt":{"rendered":"<p><span style=\"font-family: arial,helvetica,sans-serif; font-size: small;\">08.03.2016 &#8212; \u00dcber die Auffahrtstage, vom 4. bis 8. Mai 2016, feiert das Europ\u00e4ische Jugendchor Festival Basel (EJCF) seine 10. Ausgabe. 17 hochqualifizierte Kinder- und Jugendch\u00f6re aus ganz Europa und ein Gastchor aus Indonesien pr\u00e4sentieren sich in \u00fcber 40 Konzerten in Basel und der Region.<\/span><\/p>\n","protected":false},"author":1,"featured_media":0,"comment_status":"open","ping_status":"open","sticky":false,"template":"","format":"standard","meta":{"footnotes":""},"categories":[2],"tags":[],"class_list":["post-2803","post","type-post","status-publish","format-standard","hentry","category-nachrichten","entry"],"_links":{"self":[{"href":"https:\/\/codexflores.ch\/index.php\/wp-json\/wp\/v2\/posts\/2803","targetHints":{"allow":["GET"]}}],"collection":[{"href":"https:\/\/codexflores.ch\/index.php\/wp-json\/wp\/v2\/posts"}],"about":[{"href":"https:\/\/codexflores.ch\/index.php\/wp-json\/wp\/v2\/types\/post"}],"author":[{"embeddable":true,"href":"https:\/\/codexflores.ch\/index.php\/wp-json\/wp\/v2\/users\/1"}],"replies":[{"embeddable":true,"href":"https:\/\/codexflores.ch\/index.php\/wp-json\/wp\/v2\/comments?post=2803"}],"version-history":[{"count":0,"href":"https:\/\/codexflores.ch\/index.php\/wp-json\/wp\/v2\/posts\/2803\/revisions"}],"wp:attachment":[{"href":"https:\/\/codexflores.ch\/index.php\/wp-json\/wp\/v2\/media?parent=2803"}],"wp:term":[{"taxonomy":"category","embeddable":true,"href":"https:\/\/codexflores.ch\/index.php\/wp-json\/wp\/v2\/categories?post=2803"},{"taxonomy":"post_tag","embeddable":true,"href":"https:\/\/codexflores.ch\/index.php\/wp-json\/wp\/v2\/tags?post=2803"}],"curies":[{"name":"wp","href":"https:\/\/api.w.org\/{rel}","templated":true}]}}