{"id":2804,"date":"2016-03-09T06:40:59","date_gmt":"2016-03-09T06:40:59","guid":{"rendered":"https:\/\/codexflores.ch\/index.php\/2016\/03\/09\/hannes-reich-wird-leiter-des-freiburger-bachchores\/"},"modified":"2016-03-09T06:40:59","modified_gmt":"2016-03-09T06:40:59","slug":"hannes-reich-wird-leiter-des-freiburger-bachchores","status":"publish","type":"post","link":"https:\/\/codexflores.ch\/index.php\/2016\/03\/09\/hannes-reich-wird-leiter-des-freiburger-bachchores\/","title":{"rendered":"Hannes Reich wird Leiter des Freiburger Bachchores"},"content":{"rendered":"<p><span style=\"font-family: arial,helvetica,sans-serif; font-size: small;\">09.03.2016 &#8212; Hannes Reich, der zeitweilige Leiter des Opernchores der Schlossoper Haldenstein in Chur, tritt beim Freiburger Bachchor ab sofort die Nachfolge des im Januar 2015 verstorbenen Dirigenten Hans Michael Beuerle an.<\/span><\/p>\n<p><span style=\"font-family: arial,helvetica,sans-serif; font-size: small;\"><strong>09.03.2016 &#8212; Hannes Reich, der zeitweilige Leiter des Opernchores der Schlossoper Haldenstein in Chur, tritt beim Freiburger Bachchor ab sofort die Nachfolge des im Januar 2015 verstorbenen Dirigenten Hans Michael Beuerle an.<\/strong><\/span><\/p>\n<p>\u00a0<\/p>\n<p><span style=\"font-size: small; font-family: arial,helvetica,sans-serif;\">Hannes Reich studierte von 2009 bis 2012 an der Hochschule fu\u0308r Musik Trossingen Dirigieren. Er ist\u00a0 Stipendiat des Dirigentenforums, des F\u00f6rderprogramms des Deutschen Musikrates f\u00fcr den dirigentischen Spitzennachwuchs in Deutschland. Zuvor absolvierte er die Studieng\u00e4nge Schulmusik und Violoncello. Bei der Schlossoper Haldenstein in Chur assistierte er bereits mehrfach und \u00fcbernahm er die Leitung des Opernchores. Dar\u00fcber hinaus war er Musikalischer Leiter bei der Talentwerkstatt 43 e.V. in Rottweil. <\/span><\/p>\n<p><span style=\"font-size: small; font-family: arial,helvetica,sans-serif;\">\u00a0<\/span><\/p>\n<p><span style=\"font-size: 10.0pt; font-family: 'Arial','sans-serif';\"><span style=\"font-family: arial,helvetica,sans-serif; font-size: small;\">Von Simon Halsey und dem Rundfunkchor Berlin wurde er eingeladen, bei der szenischen Auff\u00fchrung des Deutschen Requiems von Brahms zu assistieren. Seit 2012 ist er Dirigent des Akademischen Orchesters Freiburg und seit 2013 Leiter des Bosch-Sinfonieorchesters. Zudem unterrichtet er an der Staatlichen Hochschule f\u00fcr Musik Trossingen Schul- und Kirchenmusikstudierende in Orchesterleitung. <em>(cf)<\/em><\/span><br \/><\/span><\/p>\n","protected":false},"excerpt":{"rendered":"<p><span style=\"font-family: arial,helvetica,sans-serif; font-size: small;\">09.03.2016 &#8212; Hannes Reich, der zeitweilige Leiter des Opernchores der Schlossoper Haldenstein in Chur, tritt beim Freiburger Bachchor ab sofort die Nachfolge des im Januar 2015 verstorbenen Dirigenten Hans Michael Beuerle an.<\/span><\/p>\n","protected":false},"author":1,"featured_media":0,"comment_status":"open","ping_status":"open","sticky":false,"template":"","format":"standard","meta":{"footnotes":""},"categories":[2],"tags":[],"class_list":["post-2804","post","type-post","status-publish","format-standard","hentry","category-nachrichten","entry"],"_links":{"self":[{"href":"https:\/\/codexflores.ch\/index.php\/wp-json\/wp\/v2\/posts\/2804","targetHints":{"allow":["GET"]}}],"collection":[{"href":"https:\/\/codexflores.ch\/index.php\/wp-json\/wp\/v2\/posts"}],"about":[{"href":"https:\/\/codexflores.ch\/index.php\/wp-json\/wp\/v2\/types\/post"}],"author":[{"embeddable":true,"href":"https:\/\/codexflores.ch\/index.php\/wp-json\/wp\/v2\/users\/1"}],"replies":[{"embeddable":true,"href":"https:\/\/codexflores.ch\/index.php\/wp-json\/wp\/v2\/comments?post=2804"}],"version-history":[{"count":0,"href":"https:\/\/codexflores.ch\/index.php\/wp-json\/wp\/v2\/posts\/2804\/revisions"}],"wp:attachment":[{"href":"https:\/\/codexflores.ch\/index.php\/wp-json\/wp\/v2\/media?parent=2804"}],"wp:term":[{"taxonomy":"category","embeddable":true,"href":"https:\/\/codexflores.ch\/index.php\/wp-json\/wp\/v2\/categories?post=2804"},{"taxonomy":"post_tag","embeddable":true,"href":"https:\/\/codexflores.ch\/index.php\/wp-json\/wp\/v2\/tags?post=2804"}],"curies":[{"name":"wp","href":"https:\/\/api.w.org\/{rel}","templated":true}]}}