{"id":2806,"date":"2016-03-10T06:40:02","date_gmt":"2016-03-10T06:40:02","guid":{"rendered":"https:\/\/codexflores.ch\/index.php\/2016\/03\/10\/auffuehrung-wiederentdeckter-telemann-fantasien\/"},"modified":"2016-03-10T06:40:02","modified_gmt":"2016-03-10T06:40:02","slug":"auffuehrung-wiederentdeckter-telemann-fantasien","status":"publish","type":"post","link":"https:\/\/codexflores.ch\/index.php\/2016\/03\/10\/auffuehrung-wiederentdeckter-telemann-fantasien\/","title":{"rendered":"Auff\u00fchrung wiederentdeckter Telemann-Fantasien"},"content":{"rendered":"<p><span style=\"font-family: arial,helvetica,sans-serif; font-size: small;\">10.03.2016 &#8212; Der Gambist Thomas Fritzsch bringt anl\u00e4sslich der 23. Magdeburger Telemann-Festtage zw\u00f6lf bislang als verschollen geglaubte Fantasien f\u00fcr Viola da gamba von Telemann zu Geh\u00f6r. Sie werden \u00fcberdies auf CD eingespielt.<\/span><\/p>\n<p><span style=\"font-family: arial,helvetica,sans-serif; font-size: small;\"><strong>10.03.2016 &#8212; Der Gambist Thomas Fritzsch bringt anl\u00e4sslich der 23. Magdeburger Telemann-Festtage zw\u00f6lf bislang als verschollen geglaubte Fantasien f\u00fcr Viola da gamba von Telemann zu Geh\u00f6r. Sie werden \u00fcberdies auf CD eingespielt.<\/strong><\/span><\/p>\n<p><span style=\"font-family: arial,helvetica,sans-serif; font-size: small;\">\u00a0<\/span><\/p>\n<p><span style=\"font-family: arial,helvetica,sans-serif; font-size: small;\">Telemann brachte die Fantasien 1735 in seinem eigenen Verlag heraus und fasste in ihnen den damals aktuellen Stand aller musikalischen und technischen M\u00f6glichkeiten f\u00fcr die Gambe zusammen &#8211; ein Instrument, das zu seiner Zeit eigentlich seinen barocken Mode-Hype schon hinter sich hatte. <\/span><\/p>\n<p>\u00a0<\/p>\n<p><span style=\"font-family: arial,helvetica,sans-serif; font-size: small;\">Bis vor wenigen Monaten schien es, als sei kein Druckexemplar dieser Gambenfantasien erhalten geblieben. Dem Hinweis eines franz\u00f6sischen Kollegen folgend, fand Thomas Fritzsch 280 Jahre nach Herausgabe der Sammlung im M\u00e4rz 2015 ein in Privatbesitz befindliches und als Depositum im Nieders\u00e4chsischen Landesarchiv am Standort Osnabr\u00fcck aufbewahrtes vollst\u00e4ndiges Druckexemplar aus dem Telemannischen Verlag von 1735. <\/span><\/p>\n<p>\u00a0<\/p>\n<p><span style=\"font-family: arial,helvetica,sans-serif; font-size: small;\">Konzertant zu h\u00f6ren sind die Fanstasien in Magdeburg am 19. und 20. M\u00e4rz, auf CD erscheint das Werk beim Label Coviello (Coviello Classics COV 91601). <em>(cf)<\/em><\/span><\/p>\n<p><span style=\"font-family: arial,helvetica,sans-serif; font-size: small;\">\u00a0<\/span><\/p>\n","protected":false},"excerpt":{"rendered":"<p><span style=\"font-family: arial,helvetica,sans-serif; font-size: small;\">10.03.2016 &#8212; Der Gambist Thomas Fritzsch bringt anl\u00e4sslich der 23. Magdeburger Telemann-Festtage zw\u00f6lf bislang als verschollen geglaubte Fantasien f\u00fcr Viola da gamba von Telemann zu Geh\u00f6r. Sie werden \u00fcberdies auf CD eingespielt.<\/span><\/p>\n","protected":false},"author":1,"featured_media":0,"comment_status":"open","ping_status":"open","sticky":false,"template":"","format":"standard","meta":{"footnotes":""},"categories":[2],"tags":[],"class_list":["post-2806","post","type-post","status-publish","format-standard","hentry","category-nachrichten","entry"],"_links":{"self":[{"href":"https:\/\/codexflores.ch\/index.php\/wp-json\/wp\/v2\/posts\/2806","targetHints":{"allow":["GET"]}}],"collection":[{"href":"https:\/\/codexflores.ch\/index.php\/wp-json\/wp\/v2\/posts"}],"about":[{"href":"https:\/\/codexflores.ch\/index.php\/wp-json\/wp\/v2\/types\/post"}],"author":[{"embeddable":true,"href":"https:\/\/codexflores.ch\/index.php\/wp-json\/wp\/v2\/users\/1"}],"replies":[{"embeddable":true,"href":"https:\/\/codexflores.ch\/index.php\/wp-json\/wp\/v2\/comments?post=2806"}],"version-history":[{"count":0,"href":"https:\/\/codexflores.ch\/index.php\/wp-json\/wp\/v2\/posts\/2806\/revisions"}],"wp:attachment":[{"href":"https:\/\/codexflores.ch\/index.php\/wp-json\/wp\/v2\/media?parent=2806"}],"wp:term":[{"taxonomy":"category","embeddable":true,"href":"https:\/\/codexflores.ch\/index.php\/wp-json\/wp\/v2\/categories?post=2806"},{"taxonomy":"post_tag","embeddable":true,"href":"https:\/\/codexflores.ch\/index.php\/wp-json\/wp\/v2\/tags?post=2806"}],"curies":[{"name":"wp","href":"https:\/\/api.w.org\/{rel}","templated":true}]}}