{"id":2808,"date":"2016-03-10T07:21:45","date_gmt":"2016-03-10T07:21:45","guid":{"rendered":"https:\/\/codexflores.ch\/index.php\/2016\/03\/10\/tod-des-brasilianischen-perkussionisten-nana-vasconcelos\/"},"modified":"2016-03-10T07:21:45","modified_gmt":"2016-03-10T07:21:45","slug":"tod-des-brasilianischen-perkussionisten-nana-vasconcelos","status":"publish","type":"post","link":"https:\/\/codexflores.ch\/index.php\/2016\/03\/10\/tod-des-brasilianischen-perkussionisten-nana-vasconcelos\/","title":{"rendered":"Tod des Perkussionisten Nana Vasconcelos"},"content":{"rendered":"<p><span style=\"font-family: arial,helvetica,sans-serif; font-size: small;\">10.03.2016 &#8212; Der legend\u00e4re brasilianische Perkussionist Nana Vasconcelos, der in den 1980er-Jahren auch mit Pierre Favres Schlagzeugerensemble Singing Drums arbeitete, ist im Alter von 72 Jahren in seiner Geburtstadt Recife den Folgen einer Lungenkrebs-Erkrankung erlegen.<\/span><\/p>\n<p><span style=\"font-family: arial,helvetica,sans-serif; font-size: small;\"><strong>10.03.2016 &#8212; Der legend\u00e4re brasilianische Perkussionist Nana Vasconcelos, der in den 1980er-Jahren auch mit Pierre Favres Schlagzeugerensemble Singing Drums arbeitete, ist im Alter von 72 Jahren in seiner Geburtstadt Recife den Folgen einer Lungenkrebs-Erkrankung erlegen.<\/strong><\/span><\/p>\n<p><span style=\"font-family: arial,helvetica,sans-serif; font-size: small;\">\u00a0<\/span><\/p>\n<p><span style=\"font-family: arial,helvetica,sans-serif; font-size: small;\">Der 1944 in Recife geborene Vasconcelos erlernte in seiner Heimatstadt und in Rio Rhythmen und Instrumente der brasilianischen Volkskultur kennen und zeichnete sich nicht zuletzt als stupender K\u00f6nner auf dem Berimbau aus. In den 1960-Jahren war er Teil der Bossa-Nova-Bewegung und Partner von Gr\u00f6ssen wie Milton Nascimento, Luiz Bonf\u00e1 und Gal Costa.<\/span><\/p>\n<p><span style=\"font-family: arial,helvetica,sans-serif; font-size: small;\">\u00a0<\/span><\/p>\n<p><span style=\"font-family: arial,helvetica,sans-serif; font-size: small;\">Aber auch internationale Stars wie Pat Metheny, The Yellowjackets, Talking Heads, U2, Harry Belafonte, B. B. King oder Paul Simon griffen gerne auf seine K\u00fcnste zur\u00fcck.\u00a01972 trat er mit Gato Barbieri beim Montreux Jazz Festival auf. In der Folge liess er sich zeitweilig in Paris nieder, wo er mit dem Jazz-Geiger Jean-Luc Ponty, aber auch als Musiktherapeut arbeitete. <em>(cf)<\/em><\/span><\/p>\n<p>\u00a0<\/p>\n","protected":false},"excerpt":{"rendered":"<p><span style=\"font-family: arial,helvetica,sans-serif; font-size: small;\">10.03.2016 &#8212; Der legend\u00e4re brasilianische Perkussionist Nana Vasconcelos, der in den 1980er-Jahren auch mit Pierre Favres Schlagzeugerensemble Singing Drums arbeitete, ist im Alter von 72 Jahren in seiner Geburtstadt Recife den Folgen einer Lungenkrebs-Erkrankung erlegen.<\/span><\/p>\n","protected":false},"author":1,"featured_media":0,"comment_status":"open","ping_status":"open","sticky":false,"template":"","format":"standard","meta":{"footnotes":""},"categories":[2],"tags":[],"class_list":["post-2808","post","type-post","status-publish","format-standard","hentry","category-nachrichten","entry"],"_links":{"self":[{"href":"https:\/\/codexflores.ch\/index.php\/wp-json\/wp\/v2\/posts\/2808","targetHints":{"allow":["GET"]}}],"collection":[{"href":"https:\/\/codexflores.ch\/index.php\/wp-json\/wp\/v2\/posts"}],"about":[{"href":"https:\/\/codexflores.ch\/index.php\/wp-json\/wp\/v2\/types\/post"}],"author":[{"embeddable":true,"href":"https:\/\/codexflores.ch\/index.php\/wp-json\/wp\/v2\/users\/1"}],"replies":[{"embeddable":true,"href":"https:\/\/codexflores.ch\/index.php\/wp-json\/wp\/v2\/comments?post=2808"}],"version-history":[{"count":0,"href":"https:\/\/codexflores.ch\/index.php\/wp-json\/wp\/v2\/posts\/2808\/revisions"}],"wp:attachment":[{"href":"https:\/\/codexflores.ch\/index.php\/wp-json\/wp\/v2\/media?parent=2808"}],"wp:term":[{"taxonomy":"category","embeddable":true,"href":"https:\/\/codexflores.ch\/index.php\/wp-json\/wp\/v2\/categories?post=2808"},{"taxonomy":"post_tag","embeddable":true,"href":"https:\/\/codexflores.ch\/index.php\/wp-json\/wp\/v2\/tags?post=2808"}],"curies":[{"name":"wp","href":"https:\/\/api.w.org\/{rel}","templated":true}]}}