{"id":2810,"date":"2016-03-14T06:54:40","date_gmt":"2016-03-14T06:54:40","guid":{"rendered":"https:\/\/codexflores.ch\/index.php\/2016\/03\/14\/tod-des-basler-schlagzeugers-daniel-buess\/"},"modified":"2016-03-14T06:54:40","modified_gmt":"2016-03-14T06:54:40","slug":"tod-des-basler-schlagzeugers-daniel-buess","status":"publish","type":"post","link":"https:\/\/codexflores.ch\/index.php\/2016\/03\/14\/tod-des-basler-schlagzeugers-daniel-buess\/","title":{"rendered":"Tod des Basler Schlagzeugers Daniel Buess"},"content":{"rendered":"<p><span style=\"font-family: arial,helvetica,sans-serif; font-size: small;\">14.03.2016 &#8212; Der Schlagzeuger und Mitbegr\u00fcnder des Ensemble Phoenix Basel, Daniel Buess, ist tot. Nach dem er l\u00e4ngere Zeit vermisst blieb, wurde sein lebloser K\u00f6rper im Rhein entdeckt.<\/span><\/p>\n<p><span style=\"font-family: arial,helvetica,sans-serif; font-size: small;\"><strong>14.03.2016 &#8212; Der Schlagzeuger und Mitbegr\u00fcnder des Ensemble Phoenix Basel, Daniel Buess, ist tot. Nach dem er l\u00e4ngere Zeit vermisst blieb, wurde sein lebloser K\u00f6rper im Rhein entdeckt.<\/strong><\/span><\/p>\n<p><span style=\"font-family: arial,helvetica,sans-serif; font-size: small;\">\u00a0<\/span><\/p>\n<p><span style=\"font-family: arial,helvetica,sans-serif; font-size: small;\">D 1976 geborene Daniel Buess studierte an der Musikhochschule Basel bei Siegfried Schmid und in Karlsruhe bei Isao Nakamura und realisierte laut Musinfo eigenwillige Projekte wie Schlagzeug\/Elektronik-Konzerte in Autogaragen, f\u00fcr welche er selbstentworfene akustische und elektronische Percussion-Instrumente herstellte und verwendete. Buess spielte mit diversen Gruppen und Ensembles in verschiedenen Bereichen der experimentellen zeitgen\u00f6ssischen Musik, wie dem Ensemble Piano&amp;Percussion Stuttgart und dem Ensemble Ph\u0153nix Basel, das er 1998 zusammen mit J\u00fcrg Henneberger und Christoph B\u00f6sch gr\u00fcndete. \u00a0<\/span><\/p>\n<p><span style=\"font-family: arial,helvetica,sans-serif; font-size: small;\">\u00a0<\/span><\/p>\n<p><span style=\"font-family: arial,helvetica,sans-serif; font-size: small;\">\u00abSein Leben f\u00fcr die Musik und der konsequente Einsatz f\u00fcr seine starken inhaltlichen und k\u00fcnstlerischen \u00dcberzeugungen haben uns als Menschen sowie das ganze Ensemble entscheidend geformt und gepr\u00e4gt\u00bb, schreibt das Ensemble Phoenix in einer W\u00fcrdigung. <em>(cf)<\/em><\/span><\/p>\n","protected":false},"excerpt":{"rendered":"<p><span style=\"font-family: arial,helvetica,sans-serif; font-size: small;\">14.03.2016 &#8212; Der Schlagzeuger und Mitbegr\u00fcnder des Ensemble Phoenix Basel, Daniel Buess, ist tot. Nach dem er l\u00e4ngere Zeit vermisst blieb, wurde sein lebloser K\u00f6rper im Rhein entdeckt.<\/span><\/p>\n","protected":false},"author":1,"featured_media":0,"comment_status":"open","ping_status":"open","sticky":false,"template":"","format":"standard","meta":{"footnotes":""},"categories":[2],"tags":[],"class_list":["post-2810","post","type-post","status-publish","format-standard","hentry","category-nachrichten","entry"],"_links":{"self":[{"href":"https:\/\/codexflores.ch\/index.php\/wp-json\/wp\/v2\/posts\/2810","targetHints":{"allow":["GET"]}}],"collection":[{"href":"https:\/\/codexflores.ch\/index.php\/wp-json\/wp\/v2\/posts"}],"about":[{"href":"https:\/\/codexflores.ch\/index.php\/wp-json\/wp\/v2\/types\/post"}],"author":[{"embeddable":true,"href":"https:\/\/codexflores.ch\/index.php\/wp-json\/wp\/v2\/users\/1"}],"replies":[{"embeddable":true,"href":"https:\/\/codexflores.ch\/index.php\/wp-json\/wp\/v2\/comments?post=2810"}],"version-history":[{"count":0,"href":"https:\/\/codexflores.ch\/index.php\/wp-json\/wp\/v2\/posts\/2810\/revisions"}],"wp:attachment":[{"href":"https:\/\/codexflores.ch\/index.php\/wp-json\/wp\/v2\/media?parent=2810"}],"wp:term":[{"taxonomy":"category","embeddable":true,"href":"https:\/\/codexflores.ch\/index.php\/wp-json\/wp\/v2\/categories?post=2810"},{"taxonomy":"post_tag","embeddable":true,"href":"https:\/\/codexflores.ch\/index.php\/wp-json\/wp\/v2\/tags?post=2810"}],"curies":[{"name":"wp","href":"https:\/\/api.w.org\/{rel}","templated":true}]}}