{"id":2818,"date":"2016-03-18T06:59:36","date_gmt":"2016-03-18T06:59:36","guid":{"rendered":"https:\/\/codexflores.ch\/index.php\/2016\/03\/18\/fellner-chefdirigent-der-landeskapelle-eisenach\/"},"modified":"2016-03-18T06:59:36","modified_gmt":"2016-03-18T06:59:36","slug":"fellner-chefdirigent-der-landeskapelle-eisenach","status":"publish","type":"post","link":"https:\/\/codexflores.ch\/index.php\/2016\/03\/18\/fellner-chefdirigent-der-landeskapelle-eisenach\/","title":{"rendered":"Fellner Chefdirigent der Landeskapelle Eisenach"},"content":{"rendered":"<p><span style=\"font-family: arial,helvetica,sans-serif; font-size: small;\">18.03.2016 &#8212; Der Wiener Andreas Fellner, der zur Zeit als\u00a0Kapellmeister am Theater Krefeld M\u00f6nchengladbach amtet, ist mit Beginn der Spielzeit 2016\/17 zum Chefdirigenten der Landeskapelle Eisenach ernannt worden.<\/span><\/p>\n<p>\u00a0<\/p>\n<p><span style=\"font-family: arial,helvetica,sans-serif; font-size: small;\"><strong>18.03.2016 &#8212; Der Wiener Andreas Fellner, der zur Zeit als\u00a0Kapellmeister am Theater Krefeld M\u00f6nchengladbach amtet, ist mit Beginn der Spielzeit 2016\/17 zum Chefdirigenten der Landeskapelle Eisenach ernannt worden.<\/strong><\/span><\/p>\n<p>\u00a0<\/p>\n<p><span style=\"font-family: arial,helvetica,sans-serif; font-size: small;\">Fellner erhielt seine musikalische Ausbildung am Mozarteum Salzburg, in der Schlagzeugklasse von Peter Sadlo, sowie in der Dirigierklasse von Georg Mark am Konservatorium seiner Geburtsstadt Wien. Noch w\u00e4hrend des Studiums wurde er als Solorepetitor mit Dirigierverpflichtung ans Anhaltische Theater Dessau engagiert. Danach wechselte er in der Saison 2010\/11 als Kapellmeister ans Theater Krefeld M\u00f6nchengladbach. Dort dirigiert Andreas Fellner zahlreiche Premieren, Opern-, Operetten- und Ballettvorstellungen sowie Symphoniekonzerte. <\/span><\/p>\n<p>\u00a0<\/p>\n<p><span style=\"font-family: arial,helvetica,sans-serif; font-size: small;\">Dar\u00fcber hinaus ist eine seiner zentralen Aufgaben die Konzeption, Moderation und Leitung der Kinder- und Jugendkonzertreihen der Niederrheinischen Symphoniker. Neben seiner T\u00e4tigkeit am Theater gastierte er in den vergangenen Spielzeiten mehrfach beim G\u00fcrzenich-Orchester K\u00f6ln, bei den D\u00fcsseldorfer Symphonikern und der Staatsphilharmonie Rheinland Pfalz. Im Fr\u00fchjahr 2016 wird Andreas Fellner erstmals beim WDR-Sinfonieorchester K\u00f6ln zu Gast sein. Im September 2016 \u00fcbernimmt Andreas Fellner als Chefdirigent die Leitung der Landeskapelle Eisenach. <em>(cf)<\/em><\/span><\/p>\n","protected":false},"excerpt":{"rendered":"<p><span style=\"font-family: arial,helvetica,sans-serif; font-size: small;\">18.03.2016 &#8212; Der Wiener Andreas Fellner, der zur Zeit als\u00a0Kapellmeister am Theater Krefeld M\u00f6nchengladbach amtet, ist mit Beginn der Spielzeit 2016\/17 zum Chefdirigenten der Landeskapelle Eisenach ernannt worden.<\/span><\/p>\n","protected":false},"author":1,"featured_media":0,"comment_status":"open","ping_status":"open","sticky":false,"template":"","format":"standard","meta":{"footnotes":""},"categories":[2],"tags":[],"class_list":["post-2818","post","type-post","status-publish","format-standard","hentry","category-nachrichten","entry"],"_links":{"self":[{"href":"https:\/\/codexflores.ch\/index.php\/wp-json\/wp\/v2\/posts\/2818","targetHints":{"allow":["GET"]}}],"collection":[{"href":"https:\/\/codexflores.ch\/index.php\/wp-json\/wp\/v2\/posts"}],"about":[{"href":"https:\/\/codexflores.ch\/index.php\/wp-json\/wp\/v2\/types\/post"}],"author":[{"embeddable":true,"href":"https:\/\/codexflores.ch\/index.php\/wp-json\/wp\/v2\/users\/1"}],"replies":[{"embeddable":true,"href":"https:\/\/codexflores.ch\/index.php\/wp-json\/wp\/v2\/comments?post=2818"}],"version-history":[{"count":0,"href":"https:\/\/codexflores.ch\/index.php\/wp-json\/wp\/v2\/posts\/2818\/revisions"}],"wp:attachment":[{"href":"https:\/\/codexflores.ch\/index.php\/wp-json\/wp\/v2\/media?parent=2818"}],"wp:term":[{"taxonomy":"category","embeddable":true,"href":"https:\/\/codexflores.ch\/index.php\/wp-json\/wp\/v2\/categories?post=2818"},{"taxonomy":"post_tag","embeddable":true,"href":"https:\/\/codexflores.ch\/index.php\/wp-json\/wp\/v2\/tags?post=2818"}],"curies":[{"name":"wp","href":"https:\/\/api.w.org\/{rel}","templated":true}]}}