{"id":2820,"date":"2016-03-21T06:42:35","date_gmt":"2016-03-21T06:42:35","guid":{"rendered":"https:\/\/codexflores.ch\/index.php\/2016\/03\/21\/hoeppner-bleibt-praesident-des-deutschen-kulturrates\/"},"modified":"2016-03-21T06:42:35","modified_gmt":"2016-03-21T06:42:35","slug":"hoeppner-bleibt-praesident-des-deutschen-kulturrates","status":"publish","type":"post","link":"https:\/\/codexflores.ch\/index.php\/2016\/03\/21\/hoeppner-bleibt-praesident-des-deutschen-kulturrates\/","title":{"rendered":"H\u00f6ppner bleibt Pr\u00e4sident des Deutschen Kulturrates"},"content":{"rendered":"<p><span style=\"font-family: arial,helvetica,sans-serif; font-size: small;\">21.03.2016 &#8212; Der Sprecherrat des Deutschen Kulturrates hat Christian H\u00f6ppner als Pr\u00e4sident des Deutschen Kulturrates wiedergew\u00e4hlt. Er wird seine zweite Amtszeit f\u00fcr weitere drei Jahre antreten. H\u00f6ppner ist auch Generalsekret\u00e4r des Deutschen Musikrates.<\/span><\/p>\n<p><span style=\"font-family: arial,helvetica,sans-serif; font-size: small;\"><strong>21.03.2016 &#8212; Der Sprecherrat des Deutschen Kulturrates hat Christian H\u00f6ppner als Pr\u00e4sident des Deutschen Kulturrates wiedergew\u00e4hlt. Er wird seine zweite Amtszeit f\u00fcr weitere drei Jahre antreten. H\u00f6ppner ist auch Generalsekret\u00e4r des Deutschen Musikrates.<\/strong><\/span><\/p>\n<p><span style=\"font-family: arial,helvetica,sans-serif; font-size: small;\">\u00a0<\/span><\/p>\n<p><span style=\"font-family: arial,helvetica,sans-serif; font-size: small;\">Christian H\u00f6ppner ist unter anderem Generalsekret\u00e4r des Deutschen Musikrates, Chefredakteur des Magazins Musikforum und\u00a0 Haushaltsberichterstatter im Rundfunkrat der Deutschen Welle. Zudem unterrichtet an der Universit\u00e4t der K\u00fcnste Berlin Cello.<\/span><\/p>\n<p><span style=\"font-family: arial,helvetica,sans-serif; font-size: small;\">\u00a0<\/span><\/p>\n<p><span style=\"font-family: arial,helvetica,sans-serif; font-size: small;\">Der Deutsche Kulturrat wurde 1981 als politisch unabh\u00e4ngige Arbeitsgemeinschaft kultur- und medienpolitischer Organisationen und Institutionen von bundesweiter Bedeutung gegr\u00fcndet. Er vertritt als Ansprechpartner der Politik und Verwaltung des Bundes, der L\u00e4nder und der Europ\u00e4ischen Union in der kulturpolitischen Diskussion bundesweit sparten\u00fcbergreifende Fragen. <em>(cf)<\/em><\/span><\/p>\n","protected":false},"excerpt":{"rendered":"<p><span style=\"font-family: arial,helvetica,sans-serif; font-size: small;\">21.03.2016 &#8212; Der Sprecherrat des Deutschen Kulturrates hat Christian H\u00f6ppner als Pr\u00e4sident des Deutschen Kulturrates wiedergew\u00e4hlt. Er wird seine zweite Amtszeit f\u00fcr weitere drei Jahre antreten. H\u00f6ppner ist auch Generalsekret\u00e4r des Deutschen Musikrates.<\/span><\/p>\n","protected":false},"author":1,"featured_media":0,"comment_status":"open","ping_status":"open","sticky":false,"template":"","format":"standard","meta":{"footnotes":""},"categories":[2],"tags":[],"class_list":["post-2820","post","type-post","status-publish","format-standard","hentry","category-nachrichten","entry"],"_links":{"self":[{"href":"https:\/\/codexflores.ch\/index.php\/wp-json\/wp\/v2\/posts\/2820","targetHints":{"allow":["GET"]}}],"collection":[{"href":"https:\/\/codexflores.ch\/index.php\/wp-json\/wp\/v2\/posts"}],"about":[{"href":"https:\/\/codexflores.ch\/index.php\/wp-json\/wp\/v2\/types\/post"}],"author":[{"embeddable":true,"href":"https:\/\/codexflores.ch\/index.php\/wp-json\/wp\/v2\/users\/1"}],"replies":[{"embeddable":true,"href":"https:\/\/codexflores.ch\/index.php\/wp-json\/wp\/v2\/comments?post=2820"}],"version-history":[{"count":0,"href":"https:\/\/codexflores.ch\/index.php\/wp-json\/wp\/v2\/posts\/2820\/revisions"}],"wp:attachment":[{"href":"https:\/\/codexflores.ch\/index.php\/wp-json\/wp\/v2\/media?parent=2820"}],"wp:term":[{"taxonomy":"category","embeddable":true,"href":"https:\/\/codexflores.ch\/index.php\/wp-json\/wp\/v2\/categories?post=2820"},{"taxonomy":"post_tag","embeddable":true,"href":"https:\/\/codexflores.ch\/index.php\/wp-json\/wp\/v2\/tags?post=2820"}],"curies":[{"name":"wp","href":"https:\/\/api.w.org\/{rel}","templated":true}]}}