{"id":2821,"date":"2016-03-21T06:48:57","date_gmt":"2016-03-21T06:48:57","guid":{"rendered":"https:\/\/codexflores.ch\/index.php\/2016\/03\/21\/bilanz-der-magdeburger-telemann-festtage-2016\/"},"modified":"2016-03-21T06:48:57","modified_gmt":"2016-03-21T06:48:57","slug":"bilanz-der-magdeburger-telemann-festtage-2016","status":"publish","type":"post","link":"https:\/\/codexflores.ch\/index.php\/2016\/03\/21\/bilanz-der-magdeburger-telemann-festtage-2016\/","title":{"rendered":"Bilanz der Magdeburger Telemann-Festtage 2016"},"content":{"rendered":"<p><span style=\"font-family: arial,helvetica,sans-serif; font-size: small;\">21.03.2016 &#8212; Die Magdeburger Telemann-Festtage, das gr\u00f6sste internationale Musikfestival der Landeshauptstadt Sachsen-Anhalts, endete heuer mit einem Besucherrekord: Insgesamt sind 8500 Karten verkauft worden, 800 mehr als bei den Magdeburger Telemann-Festtagen vor zwei Jahren.<\/span><\/p>\n<p><span style=\"font-family: arial,helvetica,sans-serif; font-size: small;\"><strong>21.03.2016 &#8212; Die Magdeburger Telemann-Festtage, das gr\u00f6sste internationale Musikfestival der Landeshauptstadt Sachsen-Anhalts, endete heuer mit einem Besucherrekord: Insgesamt sind 8500 Karten verkauft worden, 800 mehr als bei den Magdeburger Telemann-Festtagen vor zwei Jahren.<\/strong><\/span><\/p>\n<p><span style=\"font-family: arial,helvetica,sans-serif; font-size: small;\">\u00a0<\/span><\/p>\n<p><span style=\"font-family: arial,helvetica,sans-serif; font-size: small;\">Die Gesamtauslastung stieg laut den Veranstaltern auf 94 Prozent. Die Besucher kamen aus L\u00e4ndern wie D\u00e4nemark, Finnland, Grossbritannien, Ungarn, Niederlande, Belgien, \u00d6sterreich, Schweiz, Japan und den USA. An einer mehrt\u00e4gigen Internationalen Wissenschaftlichen Konferenz, die sich mit der Mehrdeutigkeit des Begriffes Konzert im Schaffen Telemanns auseinandersetzte, nahmen 18 Referenten aus den USA, Japan, der Schweiz und Deutschland teil.<\/span><\/p>\n<p><span style=\"font-family: arial,helvetica,sans-serif; font-size: small;\">\u00a0<\/span><\/p>\n<p><span style=\"font-family: arial,helvetica,sans-serif; font-size: small;\">Der 9. Internationale Telemann-Wettbewerb, der im Wechsel zu den Telemann-Festtagen stattfindet, ist f\u00fcr die Zeit vom 10. bis zum 19. M\u00e4rz 2017 vorgesehen. Er wird erstmals f\u00fcr Gesang ausgeschrieben. Die 24. Magdeburger Telemann-Festtage vom 9. bis zum 18. M\u00e4rz 2018 werden sich dem Motto Telemann und die Literatur widmen. <em>(cf)<\/em><\/span><\/p>\n<p><span style=\"font-family: arial,helvetica,sans-serif; font-size: small;\">\u00a0<\/span><\/p>\n","protected":false},"excerpt":{"rendered":"<p><span style=\"font-family: arial,helvetica,sans-serif; font-size: small;\">21.03.2016 &#8212; Die Magdeburger Telemann-Festtage, das gr\u00f6sste internationale Musikfestival der Landeshauptstadt Sachsen-Anhalts, endete heuer mit einem Besucherrekord: Insgesamt sind 8500 Karten verkauft worden, 800 mehr als bei den Magdeburger Telemann-Festtagen vor zwei Jahren.<\/span><\/p>\n","protected":false},"author":1,"featured_media":0,"comment_status":"open","ping_status":"open","sticky":false,"template":"","format":"standard","meta":{"footnotes":""},"categories":[2],"tags":[],"class_list":["post-2821","post","type-post","status-publish","format-standard","hentry","category-nachrichten","entry"],"_links":{"self":[{"href":"https:\/\/codexflores.ch\/index.php\/wp-json\/wp\/v2\/posts\/2821","targetHints":{"allow":["GET"]}}],"collection":[{"href":"https:\/\/codexflores.ch\/index.php\/wp-json\/wp\/v2\/posts"}],"about":[{"href":"https:\/\/codexflores.ch\/index.php\/wp-json\/wp\/v2\/types\/post"}],"author":[{"embeddable":true,"href":"https:\/\/codexflores.ch\/index.php\/wp-json\/wp\/v2\/users\/1"}],"replies":[{"embeddable":true,"href":"https:\/\/codexflores.ch\/index.php\/wp-json\/wp\/v2\/comments?post=2821"}],"version-history":[{"count":0,"href":"https:\/\/codexflores.ch\/index.php\/wp-json\/wp\/v2\/posts\/2821\/revisions"}],"wp:attachment":[{"href":"https:\/\/codexflores.ch\/index.php\/wp-json\/wp\/v2\/media?parent=2821"}],"wp:term":[{"taxonomy":"category","embeddable":true,"href":"https:\/\/codexflores.ch\/index.php\/wp-json\/wp\/v2\/categories?post=2821"},{"taxonomy":"post_tag","embeddable":true,"href":"https:\/\/codexflores.ch\/index.php\/wp-json\/wp\/v2\/tags?post=2821"}],"curies":[{"name":"wp","href":"https:\/\/api.w.org\/{rel}","templated":true}]}}