{"id":2823,"date":"2016-03-21T07:03:30","date_gmt":"2016-03-21T07:03:30","guid":{"rendered":"https:\/\/codexflores.ch\/index.php\/2016\/03\/21\/bilanz-von-lucerne-festival-zu-ostern-2016\/"},"modified":"2016-03-21T07:03:30","modified_gmt":"2016-03-21T07:03:30","slug":"bilanz-von-lucerne-festival-zu-ostern-2016","status":"publish","type":"post","link":"https:\/\/codexflores.ch\/index.php\/2016\/03\/21\/bilanz-von-lucerne-festival-zu-ostern-2016\/","title":{"rendered":"Bilanz von Lucerne Festival zu Ostern 2016"},"content":{"rendered":"<p><span style=\"font-family: arial,helvetica,sans-serif; font-size: small;\">21.03.2016 &#8212; Mit einer Auslastung der Kirchen-, Sinfonie- und Chorkonzerte von 90 Prozent und rund 8600 Eintritten ist Lucerne Festival zu Ostern 2016 zu Ende gegangen. Erstmals amtete dabei mit Jordi Savall ein Artist-in-residence beim Anlass.<\/span><\/p>\n<p><span style=\"font-family: arial,helvetica,sans-serif; font-size: small;\"><strong>21.03.2016 &#8212; Mit einer Auslastung der Kirchen-, Sinfonie- und Chorkonzerte von 90 Prozent und rund 8600 Eintritten ist\u00a0 Lucerne Festival zu Ostern 2016 zu Ende gegangen. Erstmals amtete dabei mit Jordi Savall ein Artist-in-residence beim Anlass.<\/strong><\/span><\/p>\n<p><span style=\"font-family: arial,helvetica,sans-serif; font-size: small;\">\u00a0<\/span><\/p>\n<p><span style=\"font-family: arial,helvetica,sans-serif; font-size: small;\">Savall er\u00f6ffnete das Festival am 12. M\u00e4rz mit dem Ensemble Hesp\u00e8rion XXI, das j\u00fcdische, muslimische und christliche Musiktradition miteinander verkn\u00fcpfte. Einen weiteren H\u00f6hepunkt des Festivals bildete Bachs Matth\u00e4us-Passion in der Auff\u00fchrung von Sir John Eliot Gardiner, den English Baroque Soloists und dem Monteverdi Choir. William Christie und sein Ensemble Les Arts Florissants pr\u00e4sentierten Mozarts Oper <em>Il re pastore<\/em> mit Solisten wie Rolando Villaz\u00f3n, Martina Jankov\u00e1 und der Luzerner Sopranistin Regula M\u00fchlemann. <\/span><\/p>\n<p>\u00a0<\/p>\n<p><span style=\"font-family: arial,helvetica,sans-serif; font-size: small;\">Ausserdem waren Kirchenkonzerte des Akademiechors Luzern und des Auryn Quartetts zu erleben. Bernard Haitink vermittelte bereits zum sechsten Mal seine Kenntnisse und Erfahrungen in einem Meisterkurs Dirigieren mit den Festival Strings Lucerne. Zum Dirigier-Meisterkurs mit Bernard Haitink kamen insgesamt 280 Interessierte. <em>(cf)<\/em><\/span><\/p>\n<p><span style=\"font-family: arial,helvetica,sans-serif; font-size: small;\">\u00a0<\/span><\/p>\n","protected":false},"excerpt":{"rendered":"<p><span style=\"font-family: arial,helvetica,sans-serif; font-size: small;\">21.03.2016 &#8212; Mit einer Auslastung der Kirchen-, Sinfonie- und Chorkonzerte von 90 Prozent und rund 8600 Eintritten ist Lucerne Festival zu Ostern 2016 zu Ende gegangen. Erstmals amtete dabei mit Jordi Savall ein Artist-in-residence beim Anlass.<\/span><\/p>\n","protected":false},"author":1,"featured_media":0,"comment_status":"open","ping_status":"open","sticky":false,"template":"","format":"standard","meta":{"footnotes":""},"categories":[2],"tags":[],"class_list":["post-2823","post","type-post","status-publish","format-standard","hentry","category-nachrichten","entry"],"_links":{"self":[{"href":"https:\/\/codexflores.ch\/index.php\/wp-json\/wp\/v2\/posts\/2823","targetHints":{"allow":["GET"]}}],"collection":[{"href":"https:\/\/codexflores.ch\/index.php\/wp-json\/wp\/v2\/posts"}],"about":[{"href":"https:\/\/codexflores.ch\/index.php\/wp-json\/wp\/v2\/types\/post"}],"author":[{"embeddable":true,"href":"https:\/\/codexflores.ch\/index.php\/wp-json\/wp\/v2\/users\/1"}],"replies":[{"embeddable":true,"href":"https:\/\/codexflores.ch\/index.php\/wp-json\/wp\/v2\/comments?post=2823"}],"version-history":[{"count":0,"href":"https:\/\/codexflores.ch\/index.php\/wp-json\/wp\/v2\/posts\/2823\/revisions"}],"wp:attachment":[{"href":"https:\/\/codexflores.ch\/index.php\/wp-json\/wp\/v2\/media?parent=2823"}],"wp:term":[{"taxonomy":"category","embeddable":true,"href":"https:\/\/codexflores.ch\/index.php\/wp-json\/wp\/v2\/categories?post=2823"},{"taxonomy":"post_tag","embeddable":true,"href":"https:\/\/codexflores.ch\/index.php\/wp-json\/wp\/v2\/tags?post=2823"}],"curies":[{"name":"wp","href":"https:\/\/api.w.org\/{rel}","templated":true}]}}