{"id":2824,"date":"2016-03-21T07:12:53","date_gmt":"2016-03-21T07:12:53","guid":{"rendered":"https:\/\/codexflores.ch\/index.php\/2016\/03\/21\/drescher-leiter-der-schola-cantorum-basiliensis\/"},"modified":"2016-03-21T07:12:53","modified_gmt":"2016-03-21T07:12:53","slug":"drescher-leiter-der-schola-cantorum-basiliensis","status":"publish","type":"post","link":"https:\/\/codexflores.ch\/index.php\/2016\/03\/21\/drescher-leiter-der-schola-cantorum-basiliensis\/","title":{"rendered":"Drescher Leiter der Schola Cantorum Basiliensis"},"content":{"rendered":"<p><span style=\"font-family: arial,helvetica,sans-serif; font-size: small;\">21.03.2106 &#8212; Die Fachhochschule Nordwestschweiz hat Thomas Drescher per April 2016 zum neuen Leiter der Schola Cantorum Basiliensis gew\u00e4hlt. <span style=\"font-family: arial,helvetica,sans-serif; font-size: small;\">Er leitet die Schule bereits heute interimistisch.\u00a0 <\/span><\/span><\/p>\n<p><span style=\"font-family: arial,helvetica,sans-serif; font-size: small;\"><strong>21.03.2106 &#8212;\u00a0<span style=\"font-family: arial,helvetica,sans-serif; font-size: small;\">Die Fachhochschule Nordwestschweiz hat Thomas Drescher per April 2016 zum neuen Leiter der Schola Cantorum Basiliensis gew\u00e4hlt. <span style=\"font-family: arial,helvetica,sans-serif; font-size: small;\">Er leitet die Schule bereits heute interimistisch.<\/span><\/span><\/strong><\/span><\/p>\n<p><span style=\"font-family: arial,helvetica,sans-serif; font-size: small;\">\u00a0<\/span><\/p>\n<p><span style=\"font-family: arial,helvetica,sans-serif; font-size: small;\">Thomas Drescher ist promovierter Musikwissenschaftler und bereits seit 26 Jahren an der Schola Cantorum Basiliensis t\u00e4tig, zuerst als Mitglied der Forschungsabteilung und seit 1998 als Stellvertretender Leiter. Ebenso war er \u00fcber zwanzig Jahre als freier Musiker (Ensembles\u00e4nger\/Barockvioline\/Viola) in verschiedenen Ensembles und Orchestern der Alten Musik t\u00e4tig.<\/span><\/p>\n<p><span style=\"font-family: arial,helvetica,sans-serif; font-size: small;\">\u00a0<\/span><\/p>\n<p><span style=\"font-family: arial,helvetica,sans-serif; font-size: small;\">Die 1933 gegr\u00fcndete Schola Cantorum Basiliensis ist ein Ausbildungs- und Forschungsinstitut f\u00fcr Alte Musik. Seit 2008 bildet sie zusammen mit der Hochschule f\u00fcr Musik die Musikhochschulen FHNW. Sie ist damit auch Teil der Fachhochschule Nordwestschweiz (FHNW).\u00a0 (cf)<\/span><\/p>\n<p><span style=\"font-family: arial,helvetica,sans-serif; font-size: small;\">\u00a0<\/span><\/p>\n","protected":false},"excerpt":{"rendered":"<p><span style=\"font-family: arial,helvetica,sans-serif; font-size: small;\">21.03.2106 &#8212; Die Fachhochschule Nordwestschweiz hat Thomas Drescher per April 2016 zum neuen Leiter der Schola Cantorum Basiliensis gew\u00e4hlt. <span style=\"font-family: arial,helvetica,sans-serif; font-size: small;\">Er leitet die Schule bereits heute interimistisch.\u00a0 <\/span><\/span><\/p>\n","protected":false},"author":1,"featured_media":0,"comment_status":"open","ping_status":"open","sticky":false,"template":"","format":"standard","meta":{"footnotes":""},"categories":[2],"tags":[],"class_list":["post-2824","post","type-post","status-publish","format-standard","hentry","category-nachrichten","entry"],"_links":{"self":[{"href":"https:\/\/codexflores.ch\/index.php\/wp-json\/wp\/v2\/posts\/2824","targetHints":{"allow":["GET"]}}],"collection":[{"href":"https:\/\/codexflores.ch\/index.php\/wp-json\/wp\/v2\/posts"}],"about":[{"href":"https:\/\/codexflores.ch\/index.php\/wp-json\/wp\/v2\/types\/post"}],"author":[{"embeddable":true,"href":"https:\/\/codexflores.ch\/index.php\/wp-json\/wp\/v2\/users\/1"}],"replies":[{"embeddable":true,"href":"https:\/\/codexflores.ch\/index.php\/wp-json\/wp\/v2\/comments?post=2824"}],"version-history":[{"count":0,"href":"https:\/\/codexflores.ch\/index.php\/wp-json\/wp\/v2\/posts\/2824\/revisions"}],"wp:attachment":[{"href":"https:\/\/codexflores.ch\/index.php\/wp-json\/wp\/v2\/media?parent=2824"}],"wp:term":[{"taxonomy":"category","embeddable":true,"href":"https:\/\/codexflores.ch\/index.php\/wp-json\/wp\/v2\/categories?post=2824"},{"taxonomy":"post_tag","embeddable":true,"href":"https:\/\/codexflores.ch\/index.php\/wp-json\/wp\/v2\/tags?post=2824"}],"curies":[{"name":"wp","href":"https:\/\/api.w.org\/{rel}","templated":true}]}}