{"id":2826,"date":"2016-03-23T06:45:16","date_gmt":"2016-03-23T06:45:16","guid":{"rendered":"https:\/\/codexflores.ch\/index.php\/2016\/03\/23\/luzerner-sinfonieorchester-gastgeberin-der-icma-gala-2019\/"},"modified":"2016-03-23T06:45:16","modified_gmt":"2016-03-23T06:45:16","slug":"luzerner-sinfonieorchester-gastgeberin-der-icma-gala-2019","status":"publish","type":"post","link":"https:\/\/codexflores.ch\/index.php\/2016\/03\/23\/luzerner-sinfonieorchester-gastgeberin-der-icma-gala-2019\/","title":{"rendered":"Luzerner Sinfonieorchester Gastgeberin der ICMA Gala 2019"},"content":{"rendered":"<p><span style=\"font-family: arial,helvetica,sans-serif; font-size: small;\">23.03.2016 &#8212; Das Luzerner Sinfonieorchester wird Gastgeberin der ICMA Preisverleihung und des Galakonzerts 2019 im KKL Luzern sein.\u00a0Die International Classical Music Awards (ICMA) wurden 2010 von der Jury der fr\u00fcheren Midem Classical Awards gegr\u00fcndet.<\/span><\/p>\n<p><span style=\"font-family: arial,helvetica,sans-serif; font-size: small;\"><strong>23.03.2016 &#8212; Das Luzerner Sinfonieorchester wird Gastgeberin der ICMA Preisverleihung und des Galakonzerts 2019 im KKL Luzern sein.\u00a0Die International Classical Music Awards (ICMA) wurden 2010 von der Jury der fr\u00fcheren Midem Classical Awards gegr\u00fcndet.<\/strong><\/span><\/p>\n<p><span style=\"font-family: arial,helvetica,sans-serif; font-size: small;\">\u00a0<\/span><\/p>\n<p><span style=\"font-family: arial,helvetica,sans-serif; font-size: small;\">J\u00e4hrlich werden im Rahmen der ICMA 15 Preise f\u00fcr Audio- und Video-Produktionen sowie eine Serie von Spezialpreisen (Lifetime Achivement, Artist of the Year, Young Artist of the Year, Label of the Year) an herausragende Musiker aus der ganzen Welt vergeben.<\/span><\/p>\n<p><span style=\"font-family: arial,helvetica,sans-serif; font-size: small;\"> \u00a0<\/span><\/p>\n<p><span style=\"font-family: arial,helvetica,sans-serif; font-size: small;\">Die Jury besteht aus Musikkritikern aus 14 verschiedenen L\u00e4ndern mit Vertretern von 17 Print- oder Online Magazinen und Radiostationen: Andante (T\u00fcrkei), Crescendo (Belgien), Das Orchester (Deutschland), Gramofon (Ungarn), HRT Kroatischer Rundfunk (Kroatien), IMZ (\u00d6sterreich), Kultura (Russland), MDR-Figaro (Deutschland), Musica (Italien), Musik &amp; Theater (Schweiz), Orpheus Radio (Russland), Opera (Grossbritannien), Pizzicato (Luxemburg), Radio 100.7 (Luxemburg), ResMusica (Frankreich), Rondo Classic (Finnland), Scherzo (Spanien).\u00a0 <em>(cf)<\/em><\/span><\/p>\n","protected":false},"excerpt":{"rendered":"<p><span style=\"font-family: arial,helvetica,sans-serif; font-size: small;\">23.03.2016 &#8212; Das Luzerner Sinfonieorchester wird Gastgeberin der ICMA Preisverleihung und des Galakonzerts 2019 im KKL Luzern sein.\u00a0Die International Classical Music Awards (ICMA) wurden 2010 von der Jury der fr\u00fcheren Midem Classical Awards gegr\u00fcndet.<\/span><\/p>\n","protected":false},"author":1,"featured_media":0,"comment_status":"open","ping_status":"open","sticky":false,"template":"","format":"standard","meta":{"footnotes":""},"categories":[2],"tags":[],"class_list":["post-2826","post","type-post","status-publish","format-standard","hentry","category-nachrichten","entry"],"_links":{"self":[{"href":"https:\/\/codexflores.ch\/index.php\/wp-json\/wp\/v2\/posts\/2826","targetHints":{"allow":["GET"]}}],"collection":[{"href":"https:\/\/codexflores.ch\/index.php\/wp-json\/wp\/v2\/posts"}],"about":[{"href":"https:\/\/codexflores.ch\/index.php\/wp-json\/wp\/v2\/types\/post"}],"author":[{"embeddable":true,"href":"https:\/\/codexflores.ch\/index.php\/wp-json\/wp\/v2\/users\/1"}],"replies":[{"embeddable":true,"href":"https:\/\/codexflores.ch\/index.php\/wp-json\/wp\/v2\/comments?post=2826"}],"version-history":[{"count":0,"href":"https:\/\/codexflores.ch\/index.php\/wp-json\/wp\/v2\/posts\/2826\/revisions"}],"wp:attachment":[{"href":"https:\/\/codexflores.ch\/index.php\/wp-json\/wp\/v2\/media?parent=2826"}],"wp:term":[{"taxonomy":"category","embeddable":true,"href":"https:\/\/codexflores.ch\/index.php\/wp-json\/wp\/v2\/categories?post=2826"},{"taxonomy":"post_tag","embeddable":true,"href":"https:\/\/codexflores.ch\/index.php\/wp-json\/wp\/v2\/tags?post=2826"}],"curies":[{"name":"wp","href":"https:\/\/api.w.org\/{rel}","templated":true}]}}