{"id":2828,"date":"2016-03-23T10:22:45","date_gmt":"2016-03-23T10:22:45","guid":{"rendered":"https:\/\/codexflores.ch\/index.php\/2016\/03\/23\/zuercher-festspiele-nur-noch-alle-zwei-jahre\/"},"modified":"2016-03-23T10:22:45","modified_gmt":"2016-03-23T10:22:45","slug":"zuercher-festspiele-nur-noch-alle-zwei-jahre","status":"publish","type":"post","link":"https:\/\/codexflores.ch\/index.php\/2016\/03\/23\/zuercher-festspiele-nur-noch-alle-zwei-jahre\/","title":{"rendered":"Z\u00fcrcher Festspiele nur noch alle zwei Jahre"},"content":{"rendered":"<p><span style=\"font-family: arial,helvetica,sans-serif; font-size: small;\">23.03.2016 &#8212; Wie die Festspiele Z\u00fcrich mitteilen, wird der Anlass k\u00fcnftig nur noch alle zwei Jahre veranstaltet, und zwar in einem zeitlich konzentrierten Zeitraum von drei Wochen im Juni deutlich vor dem Ende der Spielzeit. Im Zwischenjahr soll der Z\u00fcrcher Festspielpreis vergeben werden.<\/span><\/p>\n<p><span style=\"font-family: arial,helvetica,sans-serif; font-size: small;\"><strong>23.03.2016 &#8212; Wie die Festspiele Z\u00fcrich mitteilen, wird der Anlass k\u00fcnftig nur noch alle zwei Jahre veranstaltet, und zwar in einem zeitlich konzentrierten Zeitraum von drei Wochen im Juni deutlich vor dem Ende der Spielzeit. Im Zwischenjahr soll der Z\u00fcrcher Festspielpreis vergeben werden.<\/strong><\/span><\/p>\n<p><span style=\"font-family: arial,helvetica,sans-serif; font-size: small;\">\u00a0<\/span><\/p>\n<p><span style=\"font-family: arial,helvetica,sans-serif; font-size: small;\">Mit Ursula Gut als Pr\u00e4sidentin und Alexander Keil als Gesch\u00e4ftsf\u00fchrer wird auch die Leitung neu zusammengesetzt.\u00a0 Sie ersetzen Peter F. Weibel und Elmar Weingarten. Ursula Gut war von 1998 bis 2006 Gemeindepr\u00e4sidentin von K\u00fcsnacht und von 2006 bis 2015 Mitglied des Regierungsrats des Kanton Z\u00fcrich. Alexander Keil arbeitete er unter anderem f\u00fcr das Staatsschauspiel Dresden, die Bayreuther Festspiele sowie zuletzt f\u00fcr das Schauspielhaus Z\u00fcrich, wo er f\u00fcr Sonderveranstaltungen und Gastspiele zust\u00e4ndig war.<\/span><\/p>\n<p><span style=\"font-family: arial,helvetica,sans-serif; font-size: small;\">\u00a0<\/span><\/p>\n<p><span style=\"font-family: arial,helvetica,sans-serif; font-size: small;\">Neu soll zudem die Position eines Kurators geschaffen werden. Daf\u00fcr wollen die K\u00fcnstlerische Kommission und der Stiftungsrat \u00abzeitnah eine geeignete Person verpflichten\u00bb.\u00a0 <em>(cf)<\/em><\/span><\/p>\n","protected":false},"excerpt":{"rendered":"<p><span style=\"font-family: arial,helvetica,sans-serif; font-size: small;\">23.03.2016 &#8212; Wie die Festspiele Z\u00fcrich mitteilen, wird der Anlass k\u00fcnftig nur noch alle zwei Jahre veranstaltet, und zwar in einem zeitlich konzentrierten Zeitraum von drei Wochen im Juni deutlich vor dem Ende der Spielzeit. Im Zwischenjahr soll der Z\u00fcrcher Festspielpreis vergeben werden.<\/span><\/p>\n","protected":false},"author":1,"featured_media":0,"comment_status":"open","ping_status":"open","sticky":false,"template":"","format":"standard","meta":{"footnotes":""},"categories":[2],"tags":[],"class_list":["post-2828","post","type-post","status-publish","format-standard","hentry","category-nachrichten","entry"],"_links":{"self":[{"href":"https:\/\/codexflores.ch\/index.php\/wp-json\/wp\/v2\/posts\/2828","targetHints":{"allow":["GET"]}}],"collection":[{"href":"https:\/\/codexflores.ch\/index.php\/wp-json\/wp\/v2\/posts"}],"about":[{"href":"https:\/\/codexflores.ch\/index.php\/wp-json\/wp\/v2\/types\/post"}],"author":[{"embeddable":true,"href":"https:\/\/codexflores.ch\/index.php\/wp-json\/wp\/v2\/users\/1"}],"replies":[{"embeddable":true,"href":"https:\/\/codexflores.ch\/index.php\/wp-json\/wp\/v2\/comments?post=2828"}],"version-history":[{"count":0,"href":"https:\/\/codexflores.ch\/index.php\/wp-json\/wp\/v2\/posts\/2828\/revisions"}],"wp:attachment":[{"href":"https:\/\/codexflores.ch\/index.php\/wp-json\/wp\/v2\/media?parent=2828"}],"wp:term":[{"taxonomy":"category","embeddable":true,"href":"https:\/\/codexflores.ch\/index.php\/wp-json\/wp\/v2\/categories?post=2828"},{"taxonomy":"post_tag","embeddable":true,"href":"https:\/\/codexflores.ch\/index.php\/wp-json\/wp\/v2\/tags?post=2828"}],"curies":[{"name":"wp","href":"https:\/\/api.w.org\/{rel}","templated":true}]}}