{"id":2830,"date":"2016-03-24T10:48:14","date_gmt":"2016-03-24T10:48:14","guid":{"rendered":"https:\/\/codexflores.ch\/index.php\/2016\/03\/24\/dallas-symphony-orchestra-sagt-europa-tournee-ab\/"},"modified":"2016-03-24T10:48:14","modified_gmt":"2016-03-24T10:48:14","slug":"dallas-symphony-orchestra-sagt-europa-tournee-ab","status":"publish","type":"post","link":"https:\/\/codexflores.ch\/index.php\/2016\/03\/24\/dallas-symphony-orchestra-sagt-europa-tournee-ab\/","title":{"rendered":"Dallas Symphony Orchestra sagt Europa-Tournee ab"},"content":{"rendered":"<p><span style=\"font-family: arial,helvetica,sans-serif; font-size: small;\">24.03.2016 &#8212; Das Dallas Symphony Orchestra hat laut einer Mitteilung der AMG Basel seine Europa-Tournee wegen Sicherheitsbedenken abgesagt. In Basel ersetzt das Amadeus Chamber Orchestra of Polish Radio die Amerikaner.<\/span><\/p>\n<p><span style=\"font-family: arial,helvetica,sans-serif; font-size: small;\"><strong>24.03.2016 &#8212; Das Dallas Symphony Orchestra hat laut einer Mitteilung der AMG Basel seine Europa-Tournee wegen Sicherheitsbedenken abgesagt. In Basel ersetzt das Amadeus Chamber Orchestra of Polish Radio die Amerikaner.<\/strong><\/span><\/p>\n<p>\u00a0<\/p>\n<p><span style=\"font-family: arial,helvetica,sans-serif; font-size: small;\">Auf der Konzert-Webseite schreibt die AMG dass das texanische Orchester \u00abaus Angst vor dem Terror auf seine Europa-Tournee verzichtet\u00bb.<\/span><\/p>\n<p>\u00a0<\/p>\n<p><span style=\"font-family: arial,helvetica,sans-serif; font-size: small;\">Nach der Absage des Dallas Symphony Orchestra er\u00f6ffneten sich f\u00fcr den Konzertabend in Basel neue Aspekte, schreibt die AMG. Statt sinfonischer Grossbesetzung k\u00f6nne nun kammerorchestrale Beweglichkeit, statt Beethovens \u00abF\u00fcnfter\u00bb und einem Wagnerschen \u00abWalk\u00fcre\u00bb-Akt d\u00fcrfe es jetzt Haydnscher Esprit sein, sinfonisch und konzertant, kontrastiert durch Mussorgskys Chef-d\u2018oeuvre \u00abBilder einer Ausstellung\u00bb in konzentrierter Kammerfassung. <em>(cf)<\/em> <br \/><\/span><\/p>\n<p><span style=\"font-family: arial,helvetica,sans-serif; font-size: small;\">\u00a0<\/span><\/p>\n<p><span style=\"font-family: Calibri,Verdana,Helvetica,Arial;\"><span style=\"font-size: 11pt;\"><span style=\"font-family: arial,helvetica,sans-serif; font-size: small;\">Mehr Infos: <a href=\"https:\/\/www.konzertgesellschaft.ch\/veranstaltungen\/veranstaltung\/?tx_nzpconcerts_pi2[item]=210&amp;tx_nzpconcerts_pi2[displayMode]=1&amp;cHash=d30acc17926a16d77f2088437b3c56b2\" target=\"_blank\" rel=\"noopener noreferrer\">www.konzertgesellschaft.ch<\/a><\/span><br \/><\/span><\/span><\/p>\n<p>\u00a0<\/p>\n<p>\u00a0<\/p>\n<p>\u00a0<\/p>\n","protected":false},"excerpt":{"rendered":"<p><span style=\"font-family: arial,helvetica,sans-serif; font-size: small;\">24.03.2016 &#8212; Das Dallas Symphony Orchestra hat laut einer Mitteilung der AMG Basel seine Europa-Tournee wegen Sicherheitsbedenken abgesagt. In Basel ersetzt das Amadeus Chamber Orchestra of Polish Radio die Amerikaner.<\/span><\/p>\n","protected":false},"author":1,"featured_media":0,"comment_status":"open","ping_status":"open","sticky":false,"template":"","format":"standard","meta":{"footnotes":""},"categories":[2],"tags":[],"class_list":["post-2830","post","type-post","status-publish","format-standard","hentry","category-nachrichten","entry"],"_links":{"self":[{"href":"https:\/\/codexflores.ch\/index.php\/wp-json\/wp\/v2\/posts\/2830","targetHints":{"allow":["GET"]}}],"collection":[{"href":"https:\/\/codexflores.ch\/index.php\/wp-json\/wp\/v2\/posts"}],"about":[{"href":"https:\/\/codexflores.ch\/index.php\/wp-json\/wp\/v2\/types\/post"}],"author":[{"embeddable":true,"href":"https:\/\/codexflores.ch\/index.php\/wp-json\/wp\/v2\/users\/1"}],"replies":[{"embeddable":true,"href":"https:\/\/codexflores.ch\/index.php\/wp-json\/wp\/v2\/comments?post=2830"}],"version-history":[{"count":0,"href":"https:\/\/codexflores.ch\/index.php\/wp-json\/wp\/v2\/posts\/2830\/revisions"}],"wp:attachment":[{"href":"https:\/\/codexflores.ch\/index.php\/wp-json\/wp\/v2\/media?parent=2830"}],"wp:term":[{"taxonomy":"category","embeddable":true,"href":"https:\/\/codexflores.ch\/index.php\/wp-json\/wp\/v2\/categories?post=2830"},{"taxonomy":"post_tag","embeddable":true,"href":"https:\/\/codexflores.ch\/index.php\/wp-json\/wp\/v2\/tags?post=2830"}],"curies":[{"name":"wp","href":"https:\/\/api.w.org\/{rel}","templated":true}]}}