{"id":2832,"date":"2016-03-29T06:05:14","date_gmt":"2016-03-29T06:05:14","guid":{"rendered":"https:\/\/codexflores.ch\/index.php\/2016\/03\/29\/barock-geigerin-unter-bruesseler-opfern\/"},"modified":"2016-03-29T06:05:14","modified_gmt":"2016-03-29T06:05:14","slug":"barock-geigerin-unter-bruesseler-opfern","status":"publish","type":"post","link":"https:\/\/codexflores.ch\/index.php\/2016\/03\/29\/barock-geigerin-unter-bruesseler-opfern\/","title":{"rendered":"Barock-Geigerin unter Br\u00fcsseler Opfern"},"content":{"rendered":"<p><span style=\"font-family: arial,helvetica,sans-serif; font-size: small;\">29.03.2016 &#8212; Bei einem der Opfer des Terroanschlags auf die Br\u00fcsseler Metrostation Maelbeek handelt es sich um die Barockgeigerin und Label-Mitarbeiterin M\u00e9lanie Defize.<\/span><\/p>\n<p><strong><span style=\"font-family: arial,helvetica,sans-serif; font-size: small;\">29.03.2016 &#8212; Bei einem der Opfer des Terroanschlags auf die Br\u00fcsseler Metrostation Maelbeek handelt es sich um die Barockgeigerin und Label-Mitarbeiterin M\u00e9lanie Defize.<\/span><\/strong><\/p>\n<p><span style=\"font-family: arial,helvetica,sans-serif; font-size: small;\">\u00a0<\/span><\/p>\n<p><span style=\"font-family: arial,helvetica,sans-serif; font-size: small;\">Die 29-j\u00e4hrige Musiikern war in der belgischen Musikszene sehr bekannt und auch gesch\u00e4tzt als Publizistin und Mitarbeiterin des unabh\u00e4ngigen Labels\u00a0Cypres Records, das sihc mit hochklassigen Prouktionen in Klassik, Jazz und Weltmusik einen Namen gemacht hat. <em>(cf)<\/em><\/span><\/p>\n<p>\u00a0<\/p>\n<p>\u00a0<\/p>\n","protected":false},"excerpt":{"rendered":"<p><span style=\"font-family: arial,helvetica,sans-serif; font-size: small;\">29.03.2016 &#8212; Bei einem der Opfer des Terroanschlags auf die Br\u00fcsseler Metrostation Maelbeek handelt es sich um die Barockgeigerin und Label-Mitarbeiterin M\u00e9lanie Defize.<\/span><\/p>\n","protected":false},"author":1,"featured_media":0,"comment_status":"open","ping_status":"open","sticky":false,"template":"","format":"standard","meta":{"footnotes":""},"categories":[2],"tags":[],"class_list":["post-2832","post","type-post","status-publish","format-standard","hentry","category-nachrichten","entry"],"_links":{"self":[{"href":"https:\/\/codexflores.ch\/index.php\/wp-json\/wp\/v2\/posts\/2832","targetHints":{"allow":["GET"]}}],"collection":[{"href":"https:\/\/codexflores.ch\/index.php\/wp-json\/wp\/v2\/posts"}],"about":[{"href":"https:\/\/codexflores.ch\/index.php\/wp-json\/wp\/v2\/types\/post"}],"author":[{"embeddable":true,"href":"https:\/\/codexflores.ch\/index.php\/wp-json\/wp\/v2\/users\/1"}],"replies":[{"embeddable":true,"href":"https:\/\/codexflores.ch\/index.php\/wp-json\/wp\/v2\/comments?post=2832"}],"version-history":[{"count":0,"href":"https:\/\/codexflores.ch\/index.php\/wp-json\/wp\/v2\/posts\/2832\/revisions"}],"wp:attachment":[{"href":"https:\/\/codexflores.ch\/index.php\/wp-json\/wp\/v2\/media?parent=2832"}],"wp:term":[{"taxonomy":"category","embeddable":true,"href":"https:\/\/codexflores.ch\/index.php\/wp-json\/wp\/v2\/categories?post=2832"},{"taxonomy":"post_tag","embeddable":true,"href":"https:\/\/codexflores.ch\/index.php\/wp-json\/wp\/v2\/tags?post=2832"}],"curies":[{"name":"wp","href":"https:\/\/api.w.org\/{rel}","templated":true}]}}