{"id":2835,"date":"2016-03-31T05:44:09","date_gmt":"2016-03-31T05:44:09","guid":{"rendered":"https:\/\/codexflores.ch\/index.php\/2016\/03\/31\/leitungswechsel-im-deutschen-musikinformationszentrum\/"},"modified":"2016-03-31T05:44:09","modified_gmt":"2016-03-31T05:44:09","slug":"leitungswechsel-im-deutschen-musikinformationszentrum","status":"publish","type":"post","link":"https:\/\/codexflores.ch\/index.php\/2016\/03\/31\/leitungswechsel-im-deutschen-musikinformationszentrum\/","title":{"rendered":"Leitungswechsel im Deutschen Musikinformationszentrum"},"content":{"rendered":"<p><span style=\"font-family: arial,helvetica,sans-serif; font-size: small;\">31.03.2016 &#8212; Der Musikwissenschaftler Stephan Schulmeistrat wird neuer Leiter des Deutschen Musikinformationszentrums (MIZ), einer Einrichtung des Deutschen Musikrats. Er tritt die Nachfolge von Margot Wallscheid an, die auf eigenen Wunsch in den vorgezogenen Ruhestand tritt.<\/span><\/p>\n<p><span style=\"font-family: arial,helvetica,sans-serif; font-size: small;\"><strong>31.03.2016 &#8212; Der Musikwissenschaftler Stephan Schulmeistrat wird neuer Leiter des Deutschen Musikinformationszentrums (MIZ), einer Einrichtung des Deutschen Musikrats. Er tritt die Nachfolge von Margot Wallscheid an, die auf eigenen Wunsch in den vorgezogenen Ruhestand tritt.<\/strong><\/span><\/p>\n<p><span style=\"font-family: arial,helvetica,sans-serif; font-size: small;\">\u00a0<\/span><\/p>\n<p><span style=\"font-family: arial,helvetica,sans-serif; font-size: small;\">Stephan Schulmeistrat studierte Musikwissenschaft, Kunstgeschichte und Romanistik in K\u00f6ln und Rom. Seit 2003 war er als Wissenschaftlicher Mitarbeiter f\u00fcr das MIZ t\u00e4tig und koordinierte unter anderem den Aufbau zentraler Informationsbereiche, wie der Themenportale zum Musikleben oder des musikstatistischen Datenprogramms. Dar\u00fcber hinaus hat er die siebte Ausgabe des Musik-Almanachs und die Buchpublikation <em>Musical Life in Germany<\/em> mitverantwortet.<\/span><\/p>\n<p>\u00a0<\/p>\n<p><span style=\"font-family: arial,helvetica,sans-serif; font-size: small;\">Margot Wallscheid kam 1983 zum Deutschen Musikrat und verantwortete dort unter anderem die Konzeption und den Aufbau des Musik-Almanachs, des zentralen Nachschlagewerks zum Musikleben in Deutschland, das heute online zur Verf\u00fcgung steht. Im Jahr 1997 wurde sie Gr\u00fcndungsleiterin des Deutschen Musikinformationszentrums. <\/span><\/p>\n<p>\u00a0<\/p>\n<p><span style=\"font-family: arial,helvetica,sans-serif; font-size: small;\">Das MIZ erfasst und dokumentiert unter dem Dach des Deutschen Musikrats Strukturen und Entwicklungen der Musikkultur in Deutschland. Das Spektrum reicht dabei von der musikalischen Bildung und Ausbildung \u00fcber das Laienmusizieren, die Musikf\u00f6rderung und die professionelle Musikaus\u00fcbung bis zu den Medien und der Musikwirtschaft. Gef\u00f6rdert wird das MIZ durch die Beauftragte der Bundesregierung f\u00fcr Kultur und Medien, die Kulturstiftung der L\u00e4nder, die Stadt Bonn sowie von privater Seite durch die GEMA und die GVL.<em> (cf)\u00a0<\/em> <\/span><\/p>\n<p><span style=\"font-family: arial,helvetica,sans-serif; font-size: small;\">\u00a0<\/span><\/p>\n","protected":false},"excerpt":{"rendered":"<p><span style=\"font-family: arial,helvetica,sans-serif; font-size: small;\">31.03.2016 &#8212; Der Musikwissenschaftler Stephan Schulmeistrat wird neuer Leiter des Deutschen Musikinformationszentrums (MIZ), einer Einrichtung des Deutschen Musikrats. Er tritt die Nachfolge von Margot Wallscheid an, die auf eigenen Wunsch in den vorgezogenen Ruhestand tritt.<\/span><\/p>\n","protected":false},"author":1,"featured_media":0,"comment_status":"open","ping_status":"open","sticky":false,"template":"","format":"standard","meta":{"footnotes":""},"categories":[2],"tags":[],"class_list":["post-2835","post","type-post","status-publish","format-standard","hentry","category-nachrichten","entry"],"_links":{"self":[{"href":"https:\/\/codexflores.ch\/index.php\/wp-json\/wp\/v2\/posts\/2835","targetHints":{"allow":["GET"]}}],"collection":[{"href":"https:\/\/codexflores.ch\/index.php\/wp-json\/wp\/v2\/posts"}],"about":[{"href":"https:\/\/codexflores.ch\/index.php\/wp-json\/wp\/v2\/types\/post"}],"author":[{"embeddable":true,"href":"https:\/\/codexflores.ch\/index.php\/wp-json\/wp\/v2\/users\/1"}],"replies":[{"embeddable":true,"href":"https:\/\/codexflores.ch\/index.php\/wp-json\/wp\/v2\/comments?post=2835"}],"version-history":[{"count":0,"href":"https:\/\/codexflores.ch\/index.php\/wp-json\/wp\/v2\/posts\/2835\/revisions"}],"wp:attachment":[{"href":"https:\/\/codexflores.ch\/index.php\/wp-json\/wp\/v2\/media?parent=2835"}],"wp:term":[{"taxonomy":"category","embeddable":true,"href":"https:\/\/codexflores.ch\/index.php\/wp-json\/wp\/v2\/categories?post=2835"},{"taxonomy":"post_tag","embeddable":true,"href":"https:\/\/codexflores.ch\/index.php\/wp-json\/wp\/v2\/tags?post=2835"}],"curies":[{"name":"wp","href":"https:\/\/api.w.org\/{rel}","templated":true}]}}