{"id":2836,"date":"2016-04-01T06:09:35","date_gmt":"2016-04-01T06:09:35","guid":{"rendered":"https:\/\/codexflores.ch\/index.php\/2016\/04\/01\/kleinitz-wird-generalintendantin-der-opera-national-du-rhin\/"},"modified":"2016-04-01T06:09:35","modified_gmt":"2016-04-01T06:09:35","slug":"kleinitz-wird-generalintendantin-der-opera-national-du-rhin","status":"publish","type":"post","link":"https:\/\/codexflores.ch\/index.php\/2016\/04\/01\/kleinitz-wird-generalintendantin-der-opera-national-du-rhin\/","title":{"rendered":"Kleinitz wird Generalintendantin der Op\u00e9ra national du Rhin"},"content":{"rendered":"<p><span style=\"font-family: arial,helvetica,sans-serif; font-size: small;\">01.04.2016 &#8212; Die derzeitige Stuttgarter Operndirektorin Eva Kleinitz wird per Spielzeit 2017\/18 Generalintendantin der Op\u00e9ra national du Rhin in Strasbourg, Mulhouse und Colmar.<\/span><\/p>\n<p><span style=\"font-family: arial,helvetica,sans-serif; font-size: small;\">\u00a0<\/span><\/p>\n<p><span style=\"font-family: arial,helvetica,sans-serif; font-size: small;\"><strong>01.04.2016 &#8212; Die derzeitige Stuttgarter Operndirektorin Eva Kleinitz wird per Spielzeit 2017\/18 Generalintendantin der Op\u00e9ra national du Rhin in Strasbourg, Mulhouse und Colmar.<\/strong><\/span><\/p>\n<p><span style=\"font-family: arial,helvetica,sans-serif; font-size: small;\">\u00a0<\/span><\/p>\n<p><span style=\"font-family: arial,helvetica,sans-serif; font-size: small;\">Die im nieders\u00e4chsischen Langenhagen geborene Eva Kleinitz hat an der Universit\u00e4t des Saarlandes Musikwissenschaft, Entwicklungspsychologie und Italienische Literaturwissenschaft studiert. Seit 2011 ist sie Operndirektorin und Stellvertretende Intendantin im Leitungsteam der Oper Stuttgart. Im Oktober 2013 wurde sie zur Pr\u00e4sidentin von Opera Europa gew\u00e4hlt.<\/span><\/p>\n<p><span style=\"font-family: arial,helvetica,sans-serif; font-size: small;\">\u00a0<\/span><\/p>\n<p><span style=\"font-family: arial,helvetica,sans-serif; font-size: small;\">Zuvor war sie unter anderem in verschiedenen Funktionen f\u00fcr die Bregenzer Festspiele t\u00e4tig, von 2003 bis 2006 als Operndirektorin und stellvertretende Intendantin sowie als Prokuristin unter dem k\u00fcnstlerischen Leiter David Pountney. 2006 bis 2010 \u00fcbernahm sie die Direktion f\u00fcr K\u00fcnstlerische Planung und Produktion an der Br\u00fcsseler Oper La Monnaie\/De Munt.<\/span><\/p>\n<p><span style=\"font-family: arial,helvetica,sans-serif; font-size: small;\">\u00a0<\/span><\/p>\n<p><span style=\"font-family: arial,helvetica,sans-serif; font-size: small;\">Seit 2005 unterrichtet Kleinitz an der japanischen Showa University of Music. Ferner ist sie seit vielen Jahren regelm\u00e4ssig Jurorin bei internationalen Gesangswettbewerben. <em>(cf)<\/em><\/span><\/p>\n","protected":false},"excerpt":{"rendered":"<p><span style=\"font-family: arial,helvetica,sans-serif; font-size: small;\">01.04.2016 &#8212; Die derzeitige Stuttgarter Operndirektorin Eva Kleinitz wird per Spielzeit 2017\/18 Generalintendantin der Op\u00e9ra national du Rhin in Strasbourg, Mulhouse und Colmar.<\/span><\/p>\n","protected":false},"author":1,"featured_media":0,"comment_status":"open","ping_status":"open","sticky":false,"template":"","format":"standard","meta":{"footnotes":""},"categories":[2],"tags":[],"class_list":["post-2836","post","type-post","status-publish","format-standard","hentry","category-nachrichten","entry"],"_links":{"self":[{"href":"https:\/\/codexflores.ch\/index.php\/wp-json\/wp\/v2\/posts\/2836","targetHints":{"allow":["GET"]}}],"collection":[{"href":"https:\/\/codexflores.ch\/index.php\/wp-json\/wp\/v2\/posts"}],"about":[{"href":"https:\/\/codexflores.ch\/index.php\/wp-json\/wp\/v2\/types\/post"}],"author":[{"embeddable":true,"href":"https:\/\/codexflores.ch\/index.php\/wp-json\/wp\/v2\/users\/1"}],"replies":[{"embeddable":true,"href":"https:\/\/codexflores.ch\/index.php\/wp-json\/wp\/v2\/comments?post=2836"}],"version-history":[{"count":0,"href":"https:\/\/codexflores.ch\/index.php\/wp-json\/wp\/v2\/posts\/2836\/revisions"}],"wp:attachment":[{"href":"https:\/\/codexflores.ch\/index.php\/wp-json\/wp\/v2\/media?parent=2836"}],"wp:term":[{"taxonomy":"category","embeddable":true,"href":"https:\/\/codexflores.ch\/index.php\/wp-json\/wp\/v2\/categories?post=2836"},{"taxonomy":"post_tag","embeddable":true,"href":"https:\/\/codexflores.ch\/index.php\/wp-json\/wp\/v2\/tags?post=2836"}],"curies":[{"name":"wp","href":"https:\/\/api.w.org\/{rel}","templated":true}]}}