{"id":2840,"date":"2016-04-05T05:33:27","date_gmt":"2016-04-05T05:33:27","guid":{"rendered":"https:\/\/codexflores.ch\/index.php\/2016\/04\/05\/europa-tournee-des-zuercher-tonhalle-orchesters\/"},"modified":"2016-04-05T05:33:27","modified_gmt":"2016-04-05T05:33:27","slug":"europa-tournee-des-zuercher-tonhalle-orchesters","status":"publish","type":"post","link":"https:\/\/codexflores.ch\/index.php\/2016\/04\/05\/europa-tournee-des-zuercher-tonhalle-orchesters\/","title":{"rendered":"Europa-Tournee des Z\u00fcrcher Tonhalle-Orchesters"},"content":{"rendered":"<p><span style=\"font-family: arial,helvetica,sans-serif; font-size: small;\">05.04.2016 &#8212; Das Tonhalle-Orchester Z\u00fcrich gastiert in den kommenden Tagen in Wien, M\u00fcnchen, Frankfurt, Rosenheim, K\u00f6ln, Paris, Heidelberg und Stuttgart.<\/span><\/p>\n<p><span style=\"font-family: arial,helvetica,sans-serif; font-size: small;\"><strong>05.04.2016 &#8212; Das Tonhalle-Orchester Z\u00fcrich gastiert in den kommenden Tagen in Wien, M\u00fcnchen, Frankfurt, Rosenheim, K\u00f6ln, Paris, Heidelberg und Stuttgart.<\/strong><\/span><\/p>\n<p><span style=\"font-family: arial,helvetica,sans-serif; font-size: small;\">\u00a0<\/span><\/p>\n<p><span style=\"font-family: arial,helvetica,sans-serif; font-size: small;\">Als Solisten reisen die Geigerin Lisa Batiashvili, der Cellist Gautier Gapu\u00e7on und der Pianist Jean-Yves Thibaudet mit. Auf dem Programm stehen das Doppel- und das Violinkonzert von Brahms, das Klavierkonzert von Grieg sowie Werke von Beethoven, Widmann und Dvo\u0159\u00e1k. <\/span><\/p>\n<p>\u00a0<\/p>\n<p><span style=\"font-family: arial,helvetica,sans-serif; font-size: small;\">Die Tournee er\u00f6ffnet das Tonhalle-Orchester Z\u00fcrich am 11. April im Konzerthaus in Wien. Nach einem Abstecher in Rosenheim und K\u00f6ln tritt es das erste Mal in der neuen Pariser Philharmonie auf. Die Tournee endet am 21. April in Frankfurts Alter Oper. <\/span><\/p>\n<p>\u00a0<\/p>\n<p><span style=\"font-family: arial,helvetica,sans-serif; font-size: small;\">Das Pariser Programm ist bereits in drei Konzerten vom 6. bis zum 8. April unter Lionel Bringuiers Leitung in der Tonhalle Z\u00fcrich zu h\u00f6ren. Neben Griegs Klavierkonzert mit Jean-Yves Thibaudet steht die von Arnold Sch\u00f6nberg orchestrierte Fassung von Johannes Brahms\u02bc Klavierquartett in g-Moll op. 25 auf dem Programm.\u00a0 <em>(cf)<\/em><\/span><\/p>\n<p><span style=\"font-family: arial,helvetica,sans-serif; font-size: small;\">\u00a0<\/span><\/p>\n","protected":false},"excerpt":{"rendered":"<p><span style=\"font-family: arial,helvetica,sans-serif; font-size: small;\">05.04.2016 &#8212; Das Tonhalle-Orchester Z\u00fcrich gastiert in den kommenden Tagen in Wien, M\u00fcnchen, Frankfurt, Rosenheim, K\u00f6ln, Paris, Heidelberg und Stuttgart.<\/span><\/p>\n","protected":false},"author":1,"featured_media":0,"comment_status":"open","ping_status":"open","sticky":false,"template":"","format":"standard","meta":{"footnotes":""},"categories":[2],"tags":[],"class_list":["post-2840","post","type-post","status-publish","format-standard","hentry","category-nachrichten","entry"],"_links":{"self":[{"href":"https:\/\/codexflores.ch\/index.php\/wp-json\/wp\/v2\/posts\/2840","targetHints":{"allow":["GET"]}}],"collection":[{"href":"https:\/\/codexflores.ch\/index.php\/wp-json\/wp\/v2\/posts"}],"about":[{"href":"https:\/\/codexflores.ch\/index.php\/wp-json\/wp\/v2\/types\/post"}],"author":[{"embeddable":true,"href":"https:\/\/codexflores.ch\/index.php\/wp-json\/wp\/v2\/users\/1"}],"replies":[{"embeddable":true,"href":"https:\/\/codexflores.ch\/index.php\/wp-json\/wp\/v2\/comments?post=2840"}],"version-history":[{"count":0,"href":"https:\/\/codexflores.ch\/index.php\/wp-json\/wp\/v2\/posts\/2840\/revisions"}],"wp:attachment":[{"href":"https:\/\/codexflores.ch\/index.php\/wp-json\/wp\/v2\/media?parent=2840"}],"wp:term":[{"taxonomy":"category","embeddable":true,"href":"https:\/\/codexflores.ch\/index.php\/wp-json\/wp\/v2\/categories?post=2840"},{"taxonomy":"post_tag","embeddable":true,"href":"https:\/\/codexflores.ch\/index.php\/wp-json\/wp\/v2\/tags?post=2840"}],"curies":[{"name":"wp","href":"https:\/\/api.w.org\/{rel}","templated":true}]}}