{"id":2846,"date":"2016-04-07T06:17:33","date_gmt":"2016-04-07T06:17:33","guid":{"rendered":"https:\/\/codexflores.ch\/index.php\/2016\/04\/07\/luzern-plant-haus-fuer-darstellende-kuenste\/"},"modified":"2016-04-07T06:17:33","modified_gmt":"2016-04-07T06:17:33","slug":"luzern-plant-haus-fuer-darstellende-kuenste","status":"publish","type":"post","link":"https:\/\/codexflores.ch\/index.php\/2016\/04\/07\/luzern-plant-haus-fuer-darstellende-kuenste\/","title":{"rendered":"Luzern plant Haus f\u00fcr Darstellende K\u00fcnste"},"content":{"rendered":"<p><span style=\"font-family: arial,helvetica,sans-serif; font-size: small;\">07.04.2016 &#8212; Pierre Boulez Idee einer Salle Modulable nimmt in Luzern nach Wirren um die Finanzierung doch noch Gestalt an: Die Stadt soll ein neues Theater- und Musikgeb\u00e4ude erhalten. Eine Studie favorisiert dabei einen Standort eindeutig.<\/span><\/p>\n<p><span style=\"font-family: arial,helvetica,sans-serif; font-size: small;\"><strong>07.04.2016 &#8212; Pierre Boulez Idee einer Salle Modulable nimmt in Luzern nach Wirren um die Finanzierung doch noch Gestalt an: Die Stadt soll ein neues Theater- und Musikgeb\u00e4ude erhalten. Eine Studie favorisiert dabei einen Standort eindeutig.<\/strong><\/span><\/p>\n<p><span style=\"font-family: arial,helvetica,sans-serif; font-size: small;\">\u00a0<\/span><\/p>\n<p><span style=\"font-family: arial,helvetica,sans-serif; font-size: small;\">Die Studie (von Ernst Basler + Partner) zeigt, dass das \u00abInseli\u00bb der geeignetste Standort ist. Es handelt sich um das Areal des Carparkplatzes und Parkes am See unmittelbar hinter dem KKL Luzern. Entstehen soll ein innovatives Haus f\u00fcr darstellende K\u00fcnste mit einem in mannigfacher Hinsicht ver\u00e4nderbaren grossen Auff\u00fchrungsraum (Grosse B\u00fchne). <\/span><\/p>\n<p>\u00a0<\/p>\n<p><span style=\"font-family: arial,helvetica,sans-serif; font-size: small;\">Ab Juni bis September 2016 stehen zu dem Projekt die politischen Entscheide im Stadtrat und im Regierungsrat, wie auch deren Behandlung in den Parlamenten von Stadt und Kanton an. Die Abstimmung in der Stadt Luzern wird am 27. November 2016 stattfinden. Im 3. und 4. Quartal 2018 ist der politische Prozess mit nachfolgender Volksabstimmung f\u00fcr Baukredit und Anpassung der st\u00e4dtischen Bau- und Zonenordnung BZO vorgesehen. <em>(cf)<\/em>\u00a0 <\/span><\/p>\n<p><span style=\"font-family: arial,helvetica,sans-serif; font-size: small;\">\u00a0<\/span><\/p>\n","protected":false},"excerpt":{"rendered":"<p><span style=\"font-family: arial,helvetica,sans-serif; font-size: small;\">07.04.2016 &#8212; Pierre Boulez Idee einer Salle Modulable nimmt in Luzern nach Wirren um die Finanzierung doch noch Gestalt an: Die Stadt soll ein neues Theater- und Musikgeb\u00e4ude erhalten. Eine Studie favorisiert dabei einen Standort eindeutig.<\/span><\/p>\n","protected":false},"author":1,"featured_media":0,"comment_status":"open","ping_status":"open","sticky":false,"template":"","format":"standard","meta":{"footnotes":""},"categories":[2],"tags":[],"class_list":["post-2846","post","type-post","status-publish","format-standard","hentry","category-nachrichten","entry"],"_links":{"self":[{"href":"https:\/\/codexflores.ch\/index.php\/wp-json\/wp\/v2\/posts\/2846","targetHints":{"allow":["GET"]}}],"collection":[{"href":"https:\/\/codexflores.ch\/index.php\/wp-json\/wp\/v2\/posts"}],"about":[{"href":"https:\/\/codexflores.ch\/index.php\/wp-json\/wp\/v2\/types\/post"}],"author":[{"embeddable":true,"href":"https:\/\/codexflores.ch\/index.php\/wp-json\/wp\/v2\/users\/1"}],"replies":[{"embeddable":true,"href":"https:\/\/codexflores.ch\/index.php\/wp-json\/wp\/v2\/comments?post=2846"}],"version-history":[{"count":0,"href":"https:\/\/codexflores.ch\/index.php\/wp-json\/wp\/v2\/posts\/2846\/revisions"}],"wp:attachment":[{"href":"https:\/\/codexflores.ch\/index.php\/wp-json\/wp\/v2\/media?parent=2846"}],"wp:term":[{"taxonomy":"category","embeddable":true,"href":"https:\/\/codexflores.ch\/index.php\/wp-json\/wp\/v2\/categories?post=2846"},{"taxonomy":"post_tag","embeddable":true,"href":"https:\/\/codexflores.ch\/index.php\/wp-json\/wp\/v2\/tags?post=2846"}],"curies":[{"name":"wp","href":"https:\/\/api.w.org\/{rel}","templated":true}]}}