{"id":2847,"date":"2016-04-08T05:50:24","date_gmt":"2016-04-08T05:50:24","guid":{"rendered":"https:\/\/codexflores.ch\/index.php\/2016\/04\/08\/musikfestival-bern-wird-kuenftig-jaehrlich-durchgefuehrt\/"},"modified":"2016-04-08T05:50:24","modified_gmt":"2016-04-08T05:50:24","slug":"musikfestival-bern-wird-kuenftig-jaehrlich-durchgefuehrt","status":"publish","type":"post","link":"https:\/\/codexflores.ch\/index.php\/2016\/04\/08\/musikfestival-bern-wird-kuenftig-jaehrlich-durchgefuehrt\/","title":{"rendered":"Musikfestival Bern wird k\u00fcnftig j\u00e4hrlich durchgef\u00fchrt"},"content":{"rendered":"<p><span style=\"font-family: arial,helvetica,sans-serif; font-size: small;\">08.04.2016 &#8212; Ab 2017 findet das Musikfestival Bern j\u00e4hrlich statt. Die Veranstaltungen werden allerdings konzentriert und in der Anzahl reduziert.<\/span><\/p>\n<p><span style=\"font-family: arial,helvetica,sans-serif; font-size: small;\"><strong>08.04.2016 &#8212; Ab 2017 findet das Musikfestival Bern j\u00e4hrlich statt. Die Veranstaltungen werden allerdings konzentriert und in der Anzahl reduziert.<\/strong><\/span><\/p>\n<p><span style=\"font-family: arial,helvetica,sans-serif; font-size: small;\">\u00a0<\/span><\/p>\n<p><span style=\"font-family: arial,helvetica,sans-serif; font-size: small;\">Basis f\u00fcr die Weiterentwicklung ist ein Konzept, das Roman Brotbeck, der ehemalige Direktor der Berner Musikhochschule, gemeinsam mit einer Projektgruppe entwickelt hat. Brotbecks Bericht empfiehlt der \u00f6ffentlichen Hand das Musikfestival Bern im Bereich Musik als ein kulturelles Hauptereignis zu behandeln und entsprechend zu unterst\u00fctzen.\u00a0Die n\u00e4chste Ausgabe wird vom 6.bis 10. September 2017 stattfinden. Eine Call for Projects mit Bekanntgabe des Themas und des Artist in Residence erfolgt Anfang Mai.<\/span><\/p>\n<p><span style=\"font-family: arial,helvetica,sans-serif; font-size: small;\">\u00a0<\/span><\/p>\n<p><span style=\"font-family: arial,helvetica,sans-serif; font-size: small;\">Der Pr\u00e4sident Hanspeter Renggli tritt wie bereits angek\u00fcndigt nach zehn Jahren zur\u00fcck. Neu in den Vorstand gew\u00e4hlt worden sind Bettina Keller, Beat L\u00fcthi, Jacqueline Strauss und Hans Witschi. Verbleibende Vorstandsmitglieder sind Louis Dupras, Susanne Huber, Anton Stocker und Michael Sutter.\u00a0K\u00fcnftig werden die Aufgaben von Vorstand, Gesch\u00e4ftsf\u00fchrung und Kuratorium klar getrennt. Der Vorstand \u00fcbernimmt die strategischen Aufgaben, das Kuratorium verantwortet das k\u00fcnstlerische Programm. Das Kuratorium besteht aus drei bis f\u00fcnf Mitgliedern, die mit der Gesch\u00e4ftsf\u00fchrung zusammen das Festival realisieren. <em>(cf)<\/em><\/span><\/p>\n","protected":false},"excerpt":{"rendered":"<p><span style=\"font-family: arial,helvetica,sans-serif; font-size: small;\">08.04.2016 &#8212; Ab 2017 findet das Musikfestival Bern j\u00e4hrlich statt. Die Veranstaltungen werden allerdings konzentriert und in der Anzahl reduziert.<\/span><\/p>\n","protected":false},"author":1,"featured_media":0,"comment_status":"open","ping_status":"open","sticky":false,"template":"","format":"standard","meta":{"footnotes":""},"categories":[2],"tags":[],"class_list":["post-2847","post","type-post","status-publish","format-standard","hentry","category-nachrichten","entry"],"_links":{"self":[{"href":"https:\/\/codexflores.ch\/index.php\/wp-json\/wp\/v2\/posts\/2847","targetHints":{"allow":["GET"]}}],"collection":[{"href":"https:\/\/codexflores.ch\/index.php\/wp-json\/wp\/v2\/posts"}],"about":[{"href":"https:\/\/codexflores.ch\/index.php\/wp-json\/wp\/v2\/types\/post"}],"author":[{"embeddable":true,"href":"https:\/\/codexflores.ch\/index.php\/wp-json\/wp\/v2\/users\/1"}],"replies":[{"embeddable":true,"href":"https:\/\/codexflores.ch\/index.php\/wp-json\/wp\/v2\/comments?post=2847"}],"version-history":[{"count":0,"href":"https:\/\/codexflores.ch\/index.php\/wp-json\/wp\/v2\/posts\/2847\/revisions"}],"wp:attachment":[{"href":"https:\/\/codexflores.ch\/index.php\/wp-json\/wp\/v2\/media?parent=2847"}],"wp:term":[{"taxonomy":"category","embeddable":true,"href":"https:\/\/codexflores.ch\/index.php\/wp-json\/wp\/v2\/categories?post=2847"},{"taxonomy":"post_tag","embeddable":true,"href":"https:\/\/codexflores.ch\/index.php\/wp-json\/wp\/v2\/tags?post=2847"}],"curies":[{"name":"wp","href":"https:\/\/api.w.org\/{rel}","templated":true}]}}