{"id":2851,"date":"2016-04-11T05:51:07","date_gmt":"2016-04-11T05:51:07","guid":{"rendered":"https:\/\/codexflores.ch\/index.php\/2016\/04\/11\/ard-musikwettbewerb-unter-neuer-leitung\/"},"modified":"2016-04-11T05:51:07","modified_gmt":"2016-04-11T05:51:07","slug":"ard-musikwettbewerb-unter-neuer-leitung","status":"publish","type":"post","link":"https:\/\/codexflores.ch\/index.php\/2016\/04\/11\/ard-musikwettbewerb-unter-neuer-leitung\/","title":{"rendered":"ARD-Musikwettbewerb unter neuer Leitung"},"content":{"rendered":"<p><span style=\"font-family: arial,helvetica,sans-serif; font-size: small;\">11.04.2016 &#8211;Der Internationale Musikwettbewerb der ARD hat mit Oswald Beaujean (Programmbereichsleiter von BR-Klassik) und Meret Forster (BR-Klassik-Redaktionsleiterin) eine neue k\u00fcnstlerische Leitung.<\/span><\/p>\n<p><span style=\"font-family: arial,helvetica,sans-serif; font-size: small;\"><strong>11.04.2016 &#8211;Der Internationale Musikwettbewerb der ARD hat mit Oswald Beaujean (Programmbereichsleiter von BR-Klassik) und Meret Forster (BR-Klassik-Redaktionsleiterin) eine neue k\u00fcnstlerische Leitung.<\/strong><\/span><\/p>\n<p><span style=\"font-family: arial,helvetica,sans-serif; font-size: small;\">\u00a0<\/span><\/p>\n<p><span style=\"font-family: arial,helvetica,sans-serif; font-size: small;\">Oswald Beaujean arbeitet seit 1988 f\u00fcr die Klassikwelle des Bayerischen Rundfunks, zun\u00e4chst als Redakteur und Kammermusikproduzent, sp\u00e4ter in unterschiedlichen Leitungsfunktionen und seit 2012 als Programmbereichsleiter. Er war bereits in den letzten zehn Jahren in der k\u00fcnstlerischen Leitung des ARD-Musikwettbewerbs t\u00e4tig. Meret Forster war sieben Jahre lang Musikredakteurin und Produzentin beim Mitteldeutschen und beim Bayerischen Rundfunk. <\/span><\/p>\n<p>\u00a0<\/p>\n<p><span style=\"font-family: arial,helvetica,sans-serif; font-size: small;\">Der Internationale Musikwettbewerb der ARD, der insgesamt 21 Kategorien umfasst, findet in diesem Jahr vom 29. August bis zum 16. September und zum 65. Mal statt. Aufgerufen sind 2016 die F\u00e4cher Streichquartett, Harfe, Horn und Kontrabass. Der Wettbewerb wird von der Gemeinschaft der ARD-Anstalten getragen und steht traditionell unter der Federf\u00fchrung des Bayerischen Rundfunks.<em> (cf)\u00a0<\/em> <\/span><\/p>\n<p><span style=\"font-family: arial,helvetica,sans-serif; font-size: small;\">\u00a0<\/span><\/p>\n","protected":false},"excerpt":{"rendered":"<p><span style=\"font-family: arial,helvetica,sans-serif; font-size: small;\">11.04.2016 &#8211;Der Internationale Musikwettbewerb der ARD hat mit Oswald Beaujean (Programmbereichsleiter von BR-Klassik) und Meret Forster (BR-Klassik-Redaktionsleiterin) eine neue k\u00fcnstlerische Leitung.<\/span><\/p>\n","protected":false},"author":1,"featured_media":0,"comment_status":"open","ping_status":"open","sticky":false,"template":"","format":"standard","meta":{"footnotes":""},"categories":[2],"tags":[],"class_list":["post-2851","post","type-post","status-publish","format-standard","hentry","category-nachrichten","entry"],"_links":{"self":[{"href":"https:\/\/codexflores.ch\/index.php\/wp-json\/wp\/v2\/posts\/2851","targetHints":{"allow":["GET"]}}],"collection":[{"href":"https:\/\/codexflores.ch\/index.php\/wp-json\/wp\/v2\/posts"}],"about":[{"href":"https:\/\/codexflores.ch\/index.php\/wp-json\/wp\/v2\/types\/post"}],"author":[{"embeddable":true,"href":"https:\/\/codexflores.ch\/index.php\/wp-json\/wp\/v2\/users\/1"}],"replies":[{"embeddable":true,"href":"https:\/\/codexflores.ch\/index.php\/wp-json\/wp\/v2\/comments?post=2851"}],"version-history":[{"count":0,"href":"https:\/\/codexflores.ch\/index.php\/wp-json\/wp\/v2\/posts\/2851\/revisions"}],"wp:attachment":[{"href":"https:\/\/codexflores.ch\/index.php\/wp-json\/wp\/v2\/media?parent=2851"}],"wp:term":[{"taxonomy":"category","embeddable":true,"href":"https:\/\/codexflores.ch\/index.php\/wp-json\/wp\/v2\/categories?post=2851"},{"taxonomy":"post_tag","embeddable":true,"href":"https:\/\/codexflores.ch\/index.php\/wp-json\/wp\/v2\/tags?post=2851"}],"curies":[{"name":"wp","href":"https:\/\/api.w.org\/{rel}","templated":true}]}}