{"id":2852,"date":"2016-04-12T05:50:35","date_gmt":"2016-04-12T05:50:35","guid":{"rendered":"https:\/\/codexflores.ch\/index.php\/2016\/04\/12\/eroeffnung-der-hamburger-elbphilharmonie\/"},"modified":"2016-04-12T05:50:35","modified_gmt":"2016-04-12T05:50:35","slug":"eroeffnung-der-hamburger-elbphilharmonie","status":"publish","type":"post","link":"https:\/\/codexflores.ch\/index.php\/2016\/04\/12\/eroeffnung-der-hamburger-elbphilharmonie\/","title":{"rendered":"Er\u00f6ffnung der Hamburger Elbphilharmonie"},"content":{"rendered":"<p><span style=\"font-family: arial,helvetica,sans-serif; font-size: small;\">12.04.2016 &#8212; Die Elbphilharmonie wird Anfang 2017 offiziell ihren Betrieb aufnehmen\u00a0\u2013 am 11. und 12. Januar mit Konzerten des NDR Elbphilharmonie Orchesters unter Thomas Hengelbrock.<\/span><\/p>\n<p><span style=\"font-family: arial,helvetica,sans-serif; font-size: small;\"><strong>12.04.2016 &#8212; Die Elbphilharmonie wird Anfang 2017 offiziell ihren Betrieb aufnehmen\u00a0\u2013 am 11. und 12. Januar mit Konzerten des NDR Elbphilharmonie Orchesters unter Thomas Hengelbrock.<\/strong><\/span><\/p>\n<p><span style=\"font-family: arial,helvetica,sans-serif; font-size: small;\">\u00a0<\/span><\/p>\n<p><span style=\"font-family: arial,helvetica,sans-serif; font-size: small;\">Vorgesehen ist die Urauff\u00fchrung des eigens f\u00fcr diesen Anlass komponierten \u00abTriptychon und Spruch in memoriam Hans Henny Jahnn\u00bb von Wolfgang Rihm, dem neuen k\u00fcnstlerischen Leiter der Lucerne Festival Academy. Die Mtwirkenden sind das NDR Elbphilharmonie Orchester, der NDR Chor, der Chor des Bayerischen Rundfunks sowie die Solisten Anja Harteros, Wiebke Lehmkuhl, Philippe Jaroussky, Jonas Kaufmann, Bryn Terfel und Iveta Apkalna. Die Leitung hat Thomas Hengelbrock.<\/span><\/p>\n<p>\u00a0<\/p>\n<p><span style=\"font-family: arial,helvetica,sans-serif; font-size: small;\">F\u00fcr die beiden Er\u00f6ffnungskonzerte sind keine Karten im freien Verkauf erh\u00e4ltlich. 1000 Karten werden ab dem 9. Mai 2016 verlost.<em> (cf)<\/em><\/span><\/p>\n","protected":false},"excerpt":{"rendered":"<p><span style=\"font-family: arial,helvetica,sans-serif; font-size: small;\">12.04.2016 &#8212; Die Elbphilharmonie wird Anfang 2017 offiziell ihren Betrieb aufnehmen\u00a0\u2013 am 11. und 12. Januar mit Konzerten des NDR Elbphilharmonie Orchesters unter Thomas Hengelbrock.<\/span><\/p>\n","protected":false},"author":1,"featured_media":0,"comment_status":"open","ping_status":"open","sticky":false,"template":"","format":"standard","meta":{"footnotes":""},"categories":[2],"tags":[],"class_list":["post-2852","post","type-post","status-publish","format-standard","hentry","category-nachrichten","entry"],"_links":{"self":[{"href":"https:\/\/codexflores.ch\/index.php\/wp-json\/wp\/v2\/posts\/2852","targetHints":{"allow":["GET"]}}],"collection":[{"href":"https:\/\/codexflores.ch\/index.php\/wp-json\/wp\/v2\/posts"}],"about":[{"href":"https:\/\/codexflores.ch\/index.php\/wp-json\/wp\/v2\/types\/post"}],"author":[{"embeddable":true,"href":"https:\/\/codexflores.ch\/index.php\/wp-json\/wp\/v2\/users\/1"}],"replies":[{"embeddable":true,"href":"https:\/\/codexflores.ch\/index.php\/wp-json\/wp\/v2\/comments?post=2852"}],"version-history":[{"count":0,"href":"https:\/\/codexflores.ch\/index.php\/wp-json\/wp\/v2\/posts\/2852\/revisions"}],"wp:attachment":[{"href":"https:\/\/codexflores.ch\/index.php\/wp-json\/wp\/v2\/media?parent=2852"}],"wp:term":[{"taxonomy":"category","embeddable":true,"href":"https:\/\/codexflores.ch\/index.php\/wp-json\/wp\/v2\/categories?post=2852"},{"taxonomy":"post_tag","embeddable":true,"href":"https:\/\/codexflores.ch\/index.php\/wp-json\/wp\/v2\/tags?post=2852"}],"curies":[{"name":"wp","href":"https:\/\/api.w.org\/{rel}","templated":true}]}}