{"id":2861,"date":"2016-04-20T05:50:52","date_gmt":"2016-04-20T05:50:52","guid":{"rendered":"https:\/\/codexflores.ch\/index.php\/2016\/04\/20\/teutschbein-in-engster-auswahl-fuer-thomaskantoner-amt\/"},"modified":"2016-04-20T05:50:52","modified_gmt":"2016-04-20T05:50:52","slug":"teutschbein-in-engster-auswahl-fuer-thomaskantoner-amt","status":"publish","type":"post","link":"https:\/\/codexflores.ch\/index.php\/2016\/04\/20\/teutschbein-in-engster-auswahl-fuer-thomaskantoner-amt\/","title":{"rendered":"Teutschbein in engster Auswahl f\u00fcr Thomaskantoren-Amt"},"content":{"rendered":"<p><span style=\"font-family: arial,helvetica,sans-serif; font-size: small;\">20.04.2016 &#8212; Zur Wahl des neuen Leipziger Thomaskantors stehen nach mehreren Auswahlrunden nur noch zwei Kandidaten zur Auswahl:\u00a0Clemens Fl\u00e4mig und Markus Teutschbein. Letzterer ist Leiter der Knabenkantorei Basel und des Orchesters Arlesheim.<\/span><\/p>\n<p><span style=\"font-family: arial,helvetica,sans-serif; font-size: small;\"><strong>20.04.2016 &#8212; Zur Wahl des neuen Leipziger Thomaskantors stehen nach mehreren Auswahlrunden nur noch zwei Kandidaten zur Auswahl:\u00a0Clemens Fl\u00e4mig und Markus Teutschbein. Letzterer ist Leiter der Knabenkantorei Basel und des Orchesters Arlesheim.<\/strong><\/span><\/p>\n<p><span style=\"font-family: arial,helvetica,sans-serif; font-size: small;\">\u00a0<\/span><\/p>\n<p><span style=\"font-family: arial,helvetica,sans-serif; font-size: small;\">Laut einer Mitteilung der Stadt Leipzig werden die beiden sich in den kommenden Wochen der grossen Findungskommission unter der Leitung von Oberb\u00fcrgermeister Burkhard Jung in einem Gespr\u00e4ch vorstellen und dar\u00fcber hinaus in einer nicht\u00f6ffentlichen Probe die jeweils selben Werke von Johann Sebastian Bach im Beisein der Mitglieder der Findungskommission einzustudieren. Das Findungsverfahren bleibe weiterhin ergebnisoffen und sei noch nicht beendet, schreibt die Stadt weiter.<\/span><\/p>\n<p><span style=\"font-family: arial,helvetica,sans-serif; font-size: small;\">\u00a0<\/span><\/p>\n<p><span style=\"font-family: arial,helvetica,sans-serif; font-size: small;\">Das Amt des Thomsakantors ist einer des geschichtstr\u00e4chtigsten in der europ\u00e4ischen Musikwelt. Prominentester Vorg\u00e4nger der heutigen Inhaber war von 1723 bis zu seinem Tod 1750 Johann Sebastian Bach. Seit 1992 hatte Georg Christoph Biller das Amt inne. Zur Zeit f\u00fchrt es Gotthold Schwarz ad interim. <em>(cf)\u00a0<\/em><\/span><\/p>\n","protected":false},"excerpt":{"rendered":"<p><span style=\"font-family: arial,helvetica,sans-serif; font-size: small;\">20.04.2016 &#8212; Zur Wahl des neuen Leipziger Thomaskantors stehen nach mehreren Auswahlrunden nur noch zwei Kandidaten zur Auswahl:\u00a0Clemens Fl\u00e4mig und Markus Teutschbein. Letzterer ist Leiter der Knabenkantorei Basel und des Orchesters Arlesheim.<\/span><\/p>\n","protected":false},"author":1,"featured_media":0,"comment_status":"open","ping_status":"open","sticky":false,"template":"","format":"standard","meta":{"footnotes":""},"categories":[2],"tags":[],"class_list":["post-2861","post","type-post","status-publish","format-standard","hentry","category-nachrichten","entry"],"_links":{"self":[{"href":"https:\/\/codexflores.ch\/index.php\/wp-json\/wp\/v2\/posts\/2861","targetHints":{"allow":["GET"]}}],"collection":[{"href":"https:\/\/codexflores.ch\/index.php\/wp-json\/wp\/v2\/posts"}],"about":[{"href":"https:\/\/codexflores.ch\/index.php\/wp-json\/wp\/v2\/types\/post"}],"author":[{"embeddable":true,"href":"https:\/\/codexflores.ch\/index.php\/wp-json\/wp\/v2\/users\/1"}],"replies":[{"embeddable":true,"href":"https:\/\/codexflores.ch\/index.php\/wp-json\/wp\/v2\/comments?post=2861"}],"version-history":[{"count":0,"href":"https:\/\/codexflores.ch\/index.php\/wp-json\/wp\/v2\/posts\/2861\/revisions"}],"wp:attachment":[{"href":"https:\/\/codexflores.ch\/index.php\/wp-json\/wp\/v2\/media?parent=2861"}],"wp:term":[{"taxonomy":"category","embeddable":true,"href":"https:\/\/codexflores.ch\/index.php\/wp-json\/wp\/v2\/categories?post=2861"},{"taxonomy":"post_tag","embeddable":true,"href":"https:\/\/codexflores.ch\/index.php\/wp-json\/wp\/v2\/tags?post=2861"}],"curies":[{"name":"wp","href":"https:\/\/api.w.org\/{rel}","templated":true}]}}